{"id":11804,"date":"2025-02-27T16:53:01","date_gmt":"2025-02-27T19:53:01","guid":{"rendered":"https:\/\/partediario.com.ar\/?p=11804"},"modified":"2025-03-01T12:05:37","modified_gmt":"2025-03-01T15:05:37","slug":"juro-manuel-garcia-mansilla-como-nuevo-ministro-de-la-corte-suprema-de-justicia","status":"publish","type":"post","link":"https:\/\/partediario.com.ar\/?p=11804","title":{"rendered":"Jur\u00f3 Manuel Garc\u00eda-Mansilla como nuevo ministro de la Corte Suprema de Justicia"},"content":{"rendered":"\n<h2 class=\"wp-block-heading\">La Corte Suprema de Justicia le tom\u00f3 juramento este mediod\u00eda a Manuel Garci\u0301a-Mansilla, designado por decreto y en comisi\u00f3n por el Poder Ejecutivo, como nuevo integrante del m\u00e1ximo tribunal de la Naci\u00f3n.<\/h2>\n\n\n\n<p>El acto se llev\u00f3 a cabo en el Salo\u0301n Bermejo del 4to piso del Palacio de Tribunales en presencia del Horacio Rosatti, presidente de la Corte; Carlos Rosenkrantz, vicepresidente, y Ricardo Lorenzetti, ministro del alto tribunal.<\/p>\n\n\n\n<p>La decisi\u00f3n de recibir el juramento de rigor por parte de Garc\u00eda Mansilla se aprob\u00f3 en el Acuerdo de Ministros del hoy, conforme al decreto del Poder Ejecutivo 137\/2025 del pasado 25 de febrero, y entendiendo la Corte que se encuentran cumplidas todas las formalidades correspondientes.<\/p>\n\n\n\n<p>El decreto 137\/2025 firmado por el presidente Javier Milei, y por el ministro de Justicia, Mariano C\u00faneo Libarona, dispuso la designaci\u00f3n \u201cen comisi\u00f3n, y en los t\u00e9rminos del art\u00edculo 99, inciso 19 de la Constituci\u00f3n Nacional\u201d, de Garc\u00eda-Mansilla y del actual juez federal Ariel Lijo.<\/p>\n\n\n\n<p>Lijo, titular del Juzgado Criminal y Correccional Federal 4, recibi\u00f3 ayer la aprobaci\u00f3n por parte de la C\u00e1mara Federal -tribunal de alzada que en la pr\u00e1ctica es la instancia superior directa del magistrado- del pedido de licencia que solicit\u00f3 para poder asumir en comisi\u00f3n en la Corte.<\/p>\n\n\n\n<p>El pedido de licencia obedece a que la designaci\u00f3n que establece el decreto 137\/2025 , es para integrar la Corte hasta noviembre pr\u00f3ximo, y de no contar con el acuerdo del Senado, podr\u00eda tener que retomar sus funciones en el juzgado federal de Comodoro Py donde se desempe\u00f1a en la actualidad.<\/p>\n\n\n\n<p>En el pr\u00f3ximo Acuerdo del di\u0301a 6 de marzo -el jueves de la pr\u00f3xima semana, la Corte tratara\u0301 la solicitud de licencia extraordinaria de Lijo, paso previo a poder aceptar su designaci\u00f3n como nuevo integrante del m\u00e1ximo tribunal.<\/p>\n\n\n\n<p>Con el juramento de Garc\u00eda-Mansilla la Corte vuelve a contar con cuatro integrantes, n\u00famero que hab\u00eda perdido al finalizar diciembre \u00faltimo, cuando se jubil\u00f3 Juan Carlos Maqueda dejando al tribunal con solo tres miembros.<\/p>\n","protected":false},"excerpt":{"rendered":"<p>La Corte Suprema de Justicia le tom&oacute; juramento este mediod&iacute;a a Manuel Garci&#769;a-Mansilla, designado por decreto y en comisi&oacute;n por el Poder Ejecutivo, como nuevo integrante del m&aacute;ximo tribunal de la Naci&oacute;n. El acto se llev&oacute; a cabo en el Salo&#769;n Bermejo del 4to piso del Palacio de Tribunales en presencia del Horacio Rosatti, presidente [&hellip;]<\/p>\n","protected":false},"author":2,"featured_media":11805,"comment_status":"open","ping_status":"open","sticky":false,"template":"","format":"standard","meta":{"footnotes":""},"categories":[979,5,176],"tags":[5488,5487,5453],"class_list":["post-11804","post","type-post","status-publish","format-standard","has-post-thumbnail","hentry","category-judiciales","category-nacionales","category-politica","tag-corte-suprema-de-justicia","tag-juro","tag-manuel-garcia-mansilla"],"_links":{"self":[{"href":"https:\/\/partediario.com.ar\/index.php?rest_route=\/wp\/v2\/posts\/11804","targetHints":{"allow":["GET"]}}],"collection":[{"href":"https:\/\/partediario.com.ar\/index.php?rest_route=\/wp\/v2\/posts"}],"about":[{"href":"https:\/\/partediario.com.ar\/index.php?rest_route=\/wp\/v2\/types\/post"}],"author":[{"embeddable":true,"href":"https:\/\/partediario.com.ar\/index.php?rest_route=\/wp\/v2\/users\/2"}],"replies":[{"embeddable":true,"href":"https:\/\/partediario.com.ar\/index.php?rest_route=%2Fwp%2Fv2%2Fcomments&post=11804"}],"version-history":[{"count":1,"href":"https:\/\/partediario.com.ar\/index.php?rest_route=\/wp\/v2\/posts\/11804\/revisions"}],"predecessor-version":[{"id":11806,"href":"https:\/\/partediario.com.ar\/index.php?rest_route=\/wp\/v2\/posts\/11804\/revisions\/11806"}],"wp:featuredmedia":[{"embeddable":true,"href":"https:\/\/partediario.com.ar\/index.php?rest_route=\/wp\/v2\/media\/11805"}],"wp:attachment":[{"href":"https:\/\/partediario.com.ar\/index.php?rest_route=%2Fwp%2Fv2%2Fmedia&parent=11804"}],"wp:term":[{"taxonomy":"category","embeddable":true,"href":"https:\/\/partediario.com.ar\/index.php?rest_route=%2Fwp%2Fv2%2Fcategories&post=11804"},{"taxonomy":"post_tag","embeddable":true,"href":"https:\/\/partediario.com.ar\/index.php?rest_route=%2Fwp%2Fv2%2Ftags&post=11804"}],"curies":[{"name":"wp","href":"https:\/\/api.w.org\/{rel}","templated":true}]}}