{"id":11807,"date":"2025-02-27T16:56:14","date_gmt":"2025-02-27T19:56:14","guid":{"rendered":"https:\/\/partediario.com.ar\/?p=11807"},"modified":"2025-03-01T12:05:31","modified_gmt":"2025-03-01T15:05:31","slug":"los-gremios-docentes-de-la-cgt-levantaron-el-paro-del-5-de-marzo-hubo-un-acercamiento-con-el-gobierno-senalaron","status":"publish","type":"post","link":"https:\/\/partediario.com.ar\/?p=11807","title":{"rendered":"Los gremios docentes de la CGT levantaron el paro del 5 de marzo: \u00abHubo un acercamiento con el Gobierno\u00bb, se\u00f1alaron"},"content":{"rendered":"\n<h2 class=\"wp-block-heading\">Los gremios docentes de la CGT anunciaron que suspendieron el paro que estaba dispuesyo para el 5 de marzo debido a un \u00abacercamiento\u00bb con el Gobierno para discutir salarios. \u00abLa negociaci\u00f3n colectiva es garant\u00eda de paz paz social\u00bb, indicaron en un comunicado los gremios AMET, CEA, Sadop y UDA.<\/h2>\n\n\n\n<p>En las \u00faltimas horas \u00abse dio un acercamiento entre el Gobierno y las entidades sindicales docentes de la CGT: AMET, CEA, Sadop y UDA\u00bb, se\u00f1alaron los gremios en un comunicado.<\/p>\n\n\n\n<p>Adem\u00e1s del salario m\u00ednimo para el primer trimestre, en la paritaria se discutir\u00e1 \u00abfortalecimiento docente; unfraestructura escolar para las provincias; participaci\u00f3n de los gremios docentes en las pr\u00f3ximas asambleas del Consejo Federal de Educaci\u00f3n y traslados de docentes entre jurisdicciones\u00bb, entre otros temas.<\/p>\n\n\n\n<p>\u00abEstas negociaciones obligan a las partes a negociar de buena fe. Los sindicatos docentes suspendemos la medida de fuerza planteada para el d\u00eda 5 de marzo, siendo que la negociaci\u00f3n colectiva es garant\u00eda de paz social, y quedamos en estado de alerta esperando la convocatoria en tiempo y forma\u00bb, se\u00f1alaron los gremios.<\/p>\n\n\n\n<p>Este sector ya hab\u00eda hecho un paro el 24 de febrero y se propon\u00eda repetir la medida de fuerza el 5 de marzo.<\/p>\n","protected":false},"excerpt":{"rendered":"<p>Los gremios docentes de la CGT anunciaron que suspendieron el paro que estaba dispuesyo para el 5 de marzo debido a un &laquo;acercamiento&raquo; con el Gobierno para discutir salarios. &laquo;La negociaci&oacute;n colectiva es garant&iacute;a de paz paz social&raquo;, indicaron en un comunicado los gremios AMET, CEA, Sadop y UDA. En las &uacute;ltimas horas &laquo;se dio [&hellip;]<\/p>\n","protected":false},"author":2,"featured_media":11808,"comment_status":"open","ping_status":"open","sticky":false,"template":"","format":"standard","meta":{"footnotes":""},"categories":[978,5,176],"tags":[2311,5490,226,1817,224,1880,5489,691,2312,5491],"class_list":["post-11807","post","type-post","status-publish","format-standard","has-post-thumbnail","hentry","category-gremiales","category-nacionales","category-politica","tag-amet","tag-cea","tag-cgt","tag-docentes","tag-gobierno","tag-gremios","tag-levantaron","tag-paro","tag-sadop","tag-uda"],"_links":{"self":[{"href":"https:\/\/partediario.com.ar\/index.php?rest_route=\/wp\/v2\/posts\/11807","targetHints":{"allow":["GET"]}}],"collection":[{"href":"https:\/\/partediario.com.ar\/index.php?rest_route=\/wp\/v2\/posts"}],"about":[{"href":"https:\/\/partediario.com.ar\/index.php?rest_route=\/wp\/v2\/types\/post"}],"author":[{"embeddable":true,"href":"https:\/\/partediario.com.ar\/index.php?rest_route=\/wp\/v2\/users\/2"}],"replies":[{"embeddable":true,"href":"https:\/\/partediario.com.ar\/index.php?rest_route=%2Fwp%2Fv2%2Fcomments&post=11807"}],"version-history":[{"count":1,"href":"https:\/\/partediario.com.ar\/index.php?rest_route=\/wp\/v2\/posts\/11807\/revisions"}],"predecessor-version":[{"id":11809,"href":"https:\/\/partediario.com.ar\/index.php?rest_route=\/wp\/v2\/posts\/11807\/revisions\/11809"}],"wp:featuredmedia":[{"embeddable":true,"href":"https:\/\/partediario.com.ar\/index.php?rest_route=\/wp\/v2\/media\/11808"}],"wp:attachment":[{"href":"https:\/\/partediario.com.ar\/index.php?rest_route=%2Fwp%2Fv2%2Fmedia&parent=11807"}],"wp:term":[{"taxonomy":"category","embeddable":true,"href":"https:\/\/partediario.com.ar\/index.php?rest_route=%2Fwp%2Fv2%2Fcategories&post=11807"},{"taxonomy":"post_tag","embeddable":true,"href":"https:\/\/partediario.com.ar\/index.php?rest_route=%2Fwp%2Fv2%2Ftags&post=11807"}],"curies":[{"name":"wp","href":"https:\/\/api.w.org\/{rel}","templated":true}]}}