{"id":11810,"date":"2025-03-01T10:59:05","date_gmt":"2025-03-01T13:59:05","guid":{"rendered":"https:\/\/partediario.com.ar\/?p=11810"},"modified":"2025-03-02T11:40:37","modified_gmt":"2025-03-02T14:40:37","slug":"milei-en-el-congreso-diezmado-y-semi-vacio-asi-sera-recibido-el-presidente","status":"publish","type":"post","link":"https:\/\/partediario.com.ar\/?p=11810","title":{"rendered":"Milei en el Congreso: diezmado y semi vac\u00edo as\u00ed ser\u00e1 recibido el presidente"},"content":{"rendered":"\n<h2 class=\"wp-block-heading\">El presidente Javier Milei se presenta como el principal protagonista de una peculiar Asamblea Legislativa que ser\u00e1 recibida con bombos y platillos por los propios, y deso\u00edda por los opositores que resolvieron no participar de la ceremonia en un claro gesto de rebeld\u00eda.<\/h2>\n\n\n\n<p>En las horas previas a la apertura de sesiones ordinarias, protocolo y ceremonial del Senado curs\u00f3 las invitaciones a los distintos sectores el mismo viernes a trav\u00e9s de las cuales convocaron a gobernadores, legisladores, la Corte Suprema, ministros y secretarios, embajadores, autoridades de las Fuerzas de Seguridad y representantes de los distintos cultos.<\/p>\n\n\n\n<p>Frente al atril desde el que expondr\u00e1 Milei, se ubicar\u00e1 el Gabinete completo, en una bandeja especial a la altura del hemiciclo, y del otro lado estar\u00e1n los mandatarios provinciales.<\/p>\n\n\n\n<p>Las \u00faltimas embestidas del libertario contra el gobernador de Buenos Aires, Axel Kicillof, quien no fue invitado al evento, oficiaron como argumento perfecto para justificar la ausencia de los mandatarios provinciales peronistas Sergio Ziliotto (La Pampa), Gustavo Melella (Tierra del Fuego), Ricardo Quintela (La Rioja), y Gildo Insfr\u00e1n (Formosa).<\/p>\n\n\n\n<p>Tampoco asistir\u00e1 Gerardo Zamora (Santiago del Estero), uno de los m\u00e1s elogiados por la expresidenta Cristina Kirchner.<\/p>\n\n\n\n<p>De los aliados, la asistencia fluctuar\u00e1 dado que, hasta el momento, solo confirmaron su presencia a la agencia Noticias Argentinas Maximiliano Pullaro (Santa Fe), Osvaldo Jaldo (Tucum\u00e1n), Claudio Poggi (San Luis), Mart\u00edn Llaryora (C\u00f3rdoba).<\/p>\n\n\n\n<p>Podr\u00edan sumarse Leandro Zdero (Chaco), Ignacio Torres (Chubut), Jorge Macri (CABA) y Ra\u00fal Jalil (Catamarca).<\/p>\n\n\n\n<p>Por su parte, no ser\u00e1n de la partida son Rogelio Frigerio (Entre R\u00edos), Marcelo Orrego (San Juan), Carlos Sadir (Jujuy) y Alfredo Cornejo (Mendoza), quienes tienen programado un viaje a Canad\u00e1 en b\u00fasqueda de inversiones.<\/p>\n\n\n\n<p>Tampoco asistir\u00e1n Alberto Weretilneck (Rio Negro) y Rolando Figueroa (Neuqu\u00e9n), con compromisos locales, ni Gustavo Vald\u00e9s (Corrientes), Claudio Vidal (Santa Cruz) y Gustavo S\u00e1enz (Salta), a cargo de inaugurar las sesiones legislativas de sus provincias. Hugo Passalacqua (Misiones) no podr\u00e1 asistir al Congreso debido a que se recupera de una cuesti\u00f3n m\u00e9dica.<\/p>\n\n\n\n<p>El Presidente aspira a ver a los jueces Ariel Lijo y Manuel Garc\u00eda Mansilla, sus invitados especiales, junto a Horacio Rosatti, Carlos Rosenkrantz, y Ricardo Lorenzetti, desestimando las promesas de rechazo al decreto con el que los design\u00f3 que pronunci\u00f3 el bloque de Senadores de Uni\u00f3n por la Patria, y a que el magistrado de Comodoro Py a\u00fan no jur\u00f3 ante el M\u00e1ximo Tribunal.<\/p>\n\n\n\n<p>En Casa Rosada saben que habr\u00e1 ausencias que se traducir\u00e1n en grandes espacios vac\u00edos en el recinto luego de que el bloque de senadores del peronismo adelantaran su inasistencia en un claro gesto de disconformidad con la gesti\u00f3n libertaria.<\/p>\n\n\n\n<p>Seg\u00fan lo expuesto por el titular de la bancada, Jos\u00e9 Mayans, la decisi\u00f3n responde a que el mandatario los \u201ctrata muy mal, miente\u201d y est\u00e1n al corriente de lo ocurrido durante el 2024.<\/p>\n\n\n\n<p>Por su parte, la bancada de Diputados en la misma l\u00ednea que los seneadores no se presentar\u00e1n, argumentando que la \u201ccriptoestafa de Milei\u201d, en referencia a la pol\u00e9mica de la promoci\u00f3n de $LIBRA, los nombramientos de Ariel Lijo y Manuel Garc\u00eda-Mansilla en la Corte Suprema de Justicia por decreto y la falta de presupuesto para este a\u00f1o son limitaciones inconcebibles.<\/p>\n\n\n\n<p>Al igual que los gobernadores, los aliados enviar\u00e1n a una representaci\u00f3n formal de los legisladores al recinto que estar\u00e1 encarnada por delegaciones reducidas de referentes de Democracia para Siempre, la Uni\u00f3n C\u00edvica Radical (UCR), y Encuentro Federal.<\/p>\n\n\n\n<p>En cambio s\u00ed participar\u00e1 el principal aliado del Gobierno, el bloque del PRO presidido por Cristian Ritondo, junto a Maria Eugenia Vidal, Silvia Lospennato, Diego Santilli, Silvana Guidici, Alejandro Finnochiario, Laura Rodriguez Machado, y Fernando Iglesias.<\/p>\n\n\n\n<p>Pese a que el llamado a asistir tambi\u00e9n alcanza a exmandatarios, Mauricio Macri no tiene previsto mostrarse y su ausencia quedar\u00e1 registrada como el 1 de marzo de 2024.<\/p>\n\n\n\n<p>El Ejecutivo buscar\u00e1 contrarrestar los huecos en las bancas con la presencia de militancia libertaria en los balcones del recinto. Desde lo m\u00e1s alto, ser\u00e1n los encargados de aplaudir durante su exposici\u00f3n.<\/p>\n\n\n\n<p>La foto de esta noche demostrar\u00e1, por primera vez en d\u00e9cadas, un recinto diezmado y semi vac\u00edo producto del fuerte enfrentamiento entre el oficialismo y la oposici\u00f3n m\u00e1s dura.<\/p>\n","protected":false},"excerpt":{"rendered":"<p>El presidente Javier Milei se presenta como el principal protagonista de una peculiar Asamblea Legislativa que ser&aacute; recibida con bombos y platillos por los propios, y deso&iacute;da por los opositores que resolvieron no participar de la ceremonia en un claro gesto de rebeld&iacute;a. En las horas previas a la apertura de sesiones ordinarias, protocolo y [&hellip;]<\/p>\n","protected":false},"author":2,"featured_media":11811,"comment_status":"open","ping_status":"open","sticky":false,"template":"","format":"standard","meta":{"footnotes":""},"categories":[5,176],"tags":[5492,229,232],"class_list":["post-11810","post","type-post","status-publish","format-standard","has-post-thumbnail","hentry","category-nacionales","category-politica","tag-asamblea-legislativa","tag-congreso","tag-javier-milei"],"_links":{"self":[{"href":"https:\/\/partediario.com.ar\/index.php?rest_route=\/wp\/v2\/posts\/11810","targetHints":{"allow":["GET"]}}],"collection":[{"href":"https:\/\/partediario.com.ar\/index.php?rest_route=\/wp\/v2\/posts"}],"about":[{"href":"https:\/\/partediario.com.ar\/index.php?rest_route=\/wp\/v2\/types\/post"}],"author":[{"embeddable":true,"href":"https:\/\/partediario.com.ar\/index.php?rest_route=\/wp\/v2\/users\/2"}],"replies":[{"embeddable":true,"href":"https:\/\/partediario.com.ar\/index.php?rest_route=%2Fwp%2Fv2%2Fcomments&post=11810"}],"version-history":[{"count":1,"href":"https:\/\/partediario.com.ar\/index.php?rest_route=\/wp\/v2\/posts\/11810\/revisions"}],"predecessor-version":[{"id":11812,"href":"https:\/\/partediario.com.ar\/index.php?rest_route=\/wp\/v2\/posts\/11810\/revisions\/11812"}],"wp:featuredmedia":[{"embeddable":true,"href":"https:\/\/partediario.com.ar\/index.php?rest_route=\/wp\/v2\/media\/11811"}],"wp:attachment":[{"href":"https:\/\/partediario.com.ar\/index.php?rest_route=%2Fwp%2Fv2%2Fmedia&parent=11810"}],"wp:term":[{"taxonomy":"category","embeddable":true,"href":"https:\/\/partediario.com.ar\/index.php?rest_route=%2Fwp%2Fv2%2Fcategories&post=11810"},{"taxonomy":"post_tag","embeddable":true,"href":"https:\/\/partediario.com.ar\/index.php?rest_route=%2Fwp%2Fv2%2Ftags&post=11810"}],"curies":[{"name":"wp","href":"https:\/\/api.w.org\/{rel}","templated":true}]}}