{"id":11830,"date":"2025-03-01T11:47:51","date_gmt":"2025-03-01T14:47:51","guid":{"rendered":"https:\/\/partediario.com.ar\/?p=11830"},"modified":"2025-03-02T11:40:17","modified_gmt":"2025-03-02T14:40:17","slug":"lian-flores-cual-es-el-estado-de-la-causa","status":"publish","type":"post","link":"https:\/\/partediario.com.ar\/?p=11830","title":{"rendered":"Liam Flores: cual es el estado de la causa"},"content":{"rendered":"\n<h2 class=\"wp-block-heading\">Se cumple una semana de la desaparici\u00f3n de Lian Flores, el ni\u00f1o de 3 a\u00f1os que fue visto por \u00faltima vez el s\u00e1bado 22 de febrero en el pueblo cordob\u00e9s Ballesteros Sud.<\/h2>\n\n\n\n<p>Seg\u00fan se indica en la causa, alrededor de las 19.45 del s\u00e1bado 22 de febrero, los padres de Lian realizaron la denuncia de desaparici\u00f3n des\u00f9\u00e9s que, seg\u00fan declararon, se despertaron de la siesta y al llamarlos a merendar observaron que el peque\u00f1o no estaba.<\/p>\n\n\n\n<p><\/p>\n\n\n\n<figure class=\"wp-block-image size-large\"><img loading=\"lazy\" decoding=\"async\" width=\"1024\" height=\"685\" src=\"https:\/\/partediario.com.ar\/wp-content\/uploads\/Liam-Flores-1024x685.webp\" alt=\"\" class=\"wp-image-11831\" srcset=\"https:\/\/partediario.com.ar\/wp-content\/uploads\/Liam-Flores-1024x685.webp 1024w, https:\/\/partediario.com.ar\/wp-content\/uploads\/Liam-Flores-300x201.webp 300w, https:\/\/partediario.com.ar\/wp-content\/uploads\/Liam-Flores-768x514.webp 768w, https:\/\/partediario.com.ar\/wp-content\/uploads\/Liam-Flores.webp 1076w\" sizes=\"auto, (max-width: 1024px) 100vw, 1024px\" \/><\/figure>\n\n\n\n<p><\/p>\n\n\n\n<p>De acuerdo a lo informado por la fiscal adjunta Bettina Croppi, \u201cdesde el minuto cero del hecho comenz\u00f3 a trabajar el equipo del Ministerio P\u00fablico Fiscal con dos objetivos a realizar. El primero es estar en el terreno, donde se revelan las evidencias, y luego con la fiscal\u00eda general, que se hacen cargo de la investigaci\u00f3n para procesar dichas pruebas, solicitar allanamientos, declaraciones y peritajes\u201d.<\/p>\n\n\n\n<p>El domingo por la tarde las autoridades informaron que se activ\u00f3 el Alerta Sof\u00eda, con la idea de difundir la imagen y descripci\u00f3n del menor a todo el pa\u00eds, por todos los medios.<\/p>\n\n\n\n<p>Desde aquel d\u00eda, hasta este s\u00e1bado, m\u00e1s de 300 efectivos de distintas divisiones se abocan a los rastrillajes por tierra, aire y agua.<\/p>\n\n\n\n<p>La fiscal comunic\u00f3 adem\u00e1s en la conferencia de prensa que, hasta el mi\u00e9rcoles 25 de este mes, se realizaron 15 allanamientos en zona y otras localidades; se secuestraron m\u00e1s de 25 celulares, los cuales recibieron la autorizaci\u00f3n para ser peritados; hubo 30 declaraciones testimoniales y seis veh\u00edculos incautados.<\/p>\n\n\n\n<p>El secuestro de los rodados es porque un vecino dijo haber visto una camioneta blanca con vidrios polarizados en el horario en el que desapareci\u00f3 el chico.<\/p>\n\n\n\n<p>Aunque la causa est\u00e9 bajo secreto de sumario, Croppi precis\u00f3 que hasta ahora no hay antecedentes penales, as\u00ed como tampoco detenidos: \u201cNo tenemos, hasta el momento, indicios de un delito federal, aun as\u00ed, no descartamos nada\u201d.<\/p>\n\n\n\n<p>Sobre las pesquisas, en las \u00faltimas horas allanaron la vivienda de la curandera juje\u00f1a, qui\u00e9n est\u00e1 bajo la mira de la Justicia por su llegada a Ballesteros Sud horas antes de que el ni\u00f1o desaparezca.<\/p>\n\n\n\n<p>En Perico, Jujuy, agentes policiales requisaron a la abuela, en busca de obtener informaci\u00f3n que pueda ser relevante sobre su visita al pueblo y a la familia de Lian.<\/p>\n\n\n\n<p>Se inform\u00f3 que en la vivienda se secuestraron celulares, pasajes de colectivo y un bolso con ropa, elementos que ser\u00e1n analizados.<\/p>\n\n\n\n<p>A su vez, se le tom\u00f3 declaraci\u00f3n a la mujer, junto con otras cuatro personas que tambi\u00e9n viven en dicho domicilio. Pasadas las pericias, ninguno qued\u00f3 detenido.<\/p>\n\n\n\n<p>Este jueves, adem\u00e1s, se indic\u00f3 que el Ministerio de Seguridad de la Naci\u00f3n, en conjunto con el Gobierno provincial, destinaron $20 millones como recompensa para quien aporte datos de Lian.<\/p>\n\n\n\n<p>Vecinos protestaron en el pueblo para pedir por la aparici\u00f3n con vida del peque\u00f1o y expresaron que nunca creyeron que iban a vivir esta situaci\u00f3n. La concentraci\u00f3n sucedi\u00f3 en la plaza principal de Ballesteros.<\/p>\n\n\n\n<p>Adem\u00e1s, en las \u00faltimas horas se destac\u00f3 que el operativo de b\u00fasqueda se extendi\u00f3 cuatro mil metros de la casa del ni\u00f1o.<\/p>\n\n\n\n<p>Una confirmaci\u00f3n m\u00e1s que importante es que se sumaron m\u00e1s fiscales para investigar la hip\u00f3tesis de trata de personas.<\/p>\n","protected":false},"excerpt":{"rendered":"<p>Se cumple una semana de la desaparici&oacute;n de Lian Flores, el ni&ntilde;o de 3 a&ntilde;os que fue visto por &uacute;ltima vez el s&aacute;bado 22 de febrero en el pueblo cordob&eacute;s Ballesteros Sud. Seg&uacute;n se indica en la causa, alrededor de las 19.45 del s&aacute;bado 22 de febrero, los padres de Lian realizaron la denuncia de [&hellip;]<\/p>\n","protected":false},"author":2,"featured_media":11708,"comment_status":"open","ping_status":"open","sticky":false,"template":"","format":"standard","meta":{"footnotes":""},"categories":[979,5,7],"tags":[5497,5421,5496,449,5434],"class_list":["post-11830","post","type-post","status-publish","format-standard","has-post-thumbnail","hentry","category-judiciales","category-nacionales","category-policiales","tag-alerta-sofia","tag-ballesteros-sud","tag-bettina-croppi","tag-busqueda","tag-liam-flores"],"_links":{"self":[{"href":"https:\/\/partediario.com.ar\/index.php?rest_route=\/wp\/v2\/posts\/11830","targetHints":{"allow":["GET"]}}],"collection":[{"href":"https:\/\/partediario.com.ar\/index.php?rest_route=\/wp\/v2\/posts"}],"about":[{"href":"https:\/\/partediario.com.ar\/index.php?rest_route=\/wp\/v2\/types\/post"}],"author":[{"embeddable":true,"href":"https:\/\/partediario.com.ar\/index.php?rest_route=\/wp\/v2\/users\/2"}],"replies":[{"embeddable":true,"href":"https:\/\/partediario.com.ar\/index.php?rest_route=%2Fwp%2Fv2%2Fcomments&post=11830"}],"version-history":[{"count":2,"href":"https:\/\/partediario.com.ar\/index.php?rest_route=\/wp\/v2\/posts\/11830\/revisions"}],"predecessor-version":[{"id":11836,"href":"https:\/\/partediario.com.ar\/index.php?rest_route=\/wp\/v2\/posts\/11830\/revisions\/11836"}],"wp:featuredmedia":[{"embeddable":true,"href":"https:\/\/partediario.com.ar\/index.php?rest_route=\/wp\/v2\/media\/11708"}],"wp:attachment":[{"href":"https:\/\/partediario.com.ar\/index.php?rest_route=%2Fwp%2Fv2%2Fmedia&parent=11830"}],"wp:term":[{"taxonomy":"category","embeddable":true,"href":"https:\/\/partediario.com.ar\/index.php?rest_route=%2Fwp%2Fv2%2Fcategories&post=11830"},{"taxonomy":"post_tag","embeddable":true,"href":"https:\/\/partediario.com.ar\/index.php?rest_route=%2Fwp%2Fv2%2Ftags&post=11830"}],"curies":[{"name":"wp","href":"https:\/\/api.w.org\/{rel}","templated":true}]}}