{"id":11833,"date":"2025-03-01T12:03:50","date_gmt":"2025-03-01T15:03:50","guid":{"rendered":"https:\/\/partediario.com.ar\/?p=11833"},"modified":"2025-03-02T11:40:13","modified_gmt":"2025-03-02T14:40:13","slug":"el-papa-francisco-se-recupero-de-la-crisis-de-ayer-y-paso-una-noche-tranquila","status":"publish","type":"post","link":"https:\/\/partediario.com.ar\/?p=11833","title":{"rendered":"El Papa Francisco se recuper\u00f3 de la crisis de ayer y pas\u00f3 \u00abuna noche tranquila\u00bb"},"content":{"rendered":"\n<h2 class=\"wp-block-heading\">El Papa Francisco se recuper\u00f3 de su empeoramiento repentino de ayer y \u201cpas\u00f3 una noche tranquila\u201d, seg\u00fan comunic\u00f3 el Vaticano hoy, a\u00f1adiendo que \u201cel broncoespasmo no afect\u00f3 a otros \u00f3rganos\u201d.<\/h2>\n\n\n\n<p>De acuerdo a diferentes publicaciones italianas, el Papa no ha tenido m\u00e1s crisis despu\u00e9s de la de ayer, cuando sufri\u00f3 un broncoespasmo que caus\u00f3 un empeoramiento &#8216;repentino&#8217; de su cuadro respiratorio, indicaron este s\u00e1bado fuentes vaticanas, que subrayaron que esa crisis no ha afectado a otros \u00f3rganos.<\/p>\n\n\n\n<p>Luego de pasar una noche tranquila, el papa se despert\u00f3, desayun\u00f3, tom\u00f3 un caf\u00e9 y se dedic\u00f3 a leer los peri\u00f3dicos, a\u00f1adieron las fuentes, que insistieron en que, sin embargo, su cuadro cl\u00ednico sigue siendo complejo y su pron\u00f3stico, reservado.<\/p>\n\n\n\n<p>El papa &#8216;pas\u00f3 una noche tranquila&#8217; y &#8216;est\u00e1 descansando&#8217;, inform\u00f3 este s\u00e1bado la sala de prensa de la Santa Sede, en el decimosexto d\u00eda de ingreso de Francisco en el hospital Gemelli de Roma despu\u00e9s de sufrir el viernes una crisis por broncoespasmo que caus\u00f3 un empeoramiento &#8216;repentino&#8217; de su cuadro respiratorio.<\/p>\n","protected":false},"excerpt":{"rendered":"<p>El Papa Francisco se recuper&oacute; de su empeoramiento repentino de ayer y &ldquo;pas&oacute; una noche tranquila&rdquo;, seg&uacute;n comunic&oacute; el Vaticano hoy, a&ntilde;adiendo que &ldquo;el broncoespasmo no afect&oacute; a otros &oacute;rganos&rdquo;. De acuerdo a diferentes publicaciones italianas, el Papa no ha tenido m&aacute;s crisis despu&eacute;s de la de ayer, cuando sufri&oacute; un broncoespasmo que caus&oacute; un [&hellip;]<\/p>\n","protected":false},"author":2,"featured_media":11834,"comment_status":"open","ping_status":"open","sticky":false,"template":"","format":"standard","meta":{"footnotes":""},"categories":[9,726],"tags":[1384,4073,336,5498],"class_list":["post-11833","post","type-post","status-publish","format-standard","has-post-thumbnail","hentry","category-internacionales","category-sociedad","tag-crisis","tag-noche","tag-papa-francisco","tag-tranquila"],"_links":{"self":[{"href":"https:\/\/partediario.com.ar\/index.php?rest_route=\/wp\/v2\/posts\/11833","targetHints":{"allow":["GET"]}}],"collection":[{"href":"https:\/\/partediario.com.ar\/index.php?rest_route=\/wp\/v2\/posts"}],"about":[{"href":"https:\/\/partediario.com.ar\/index.php?rest_route=\/wp\/v2\/types\/post"}],"author":[{"embeddable":true,"href":"https:\/\/partediario.com.ar\/index.php?rest_route=\/wp\/v2\/users\/2"}],"replies":[{"embeddable":true,"href":"https:\/\/partediario.com.ar\/index.php?rest_route=%2Fwp%2Fv2%2Fcomments&post=11833"}],"version-history":[{"count":1,"href":"https:\/\/partediario.com.ar\/index.php?rest_route=\/wp\/v2\/posts\/11833\/revisions"}],"predecessor-version":[{"id":11835,"href":"https:\/\/partediario.com.ar\/index.php?rest_route=\/wp\/v2\/posts\/11833\/revisions\/11835"}],"wp:featuredmedia":[{"embeddable":true,"href":"https:\/\/partediario.com.ar\/index.php?rest_route=\/wp\/v2\/media\/11834"}],"wp:attachment":[{"href":"https:\/\/partediario.com.ar\/index.php?rest_route=%2Fwp%2Fv2%2Fmedia&parent=11833"}],"wp:term":[{"taxonomy":"category","embeddable":true,"href":"https:\/\/partediario.com.ar\/index.php?rest_route=%2Fwp%2Fv2%2Fcategories&post=11833"},{"taxonomy":"post_tag","embeddable":true,"href":"https:\/\/partediario.com.ar\/index.php?rest_route=%2Fwp%2Fv2%2Ftags&post=11833"}],"curies":[{"name":"wp","href":"https:\/\/api.w.org\/{rel}","templated":true}]}}