{"id":11847,"date":"2025-03-02T11:27:20","date_gmt":"2025-03-02T14:27:20","guid":{"rendered":"https:\/\/partediario.com.ar\/?p=11847"},"modified":"2025-03-03T13:57:10","modified_gmt":"2025-03-03T16:57:10","slug":"el-gobierno-porteno-lleno-de-policias-varias-de-las-comisarias-de-la-ciudad","status":"publish","type":"post","link":"https:\/\/partediario.com.ar\/?p=11847","title":{"rendered":"El Gobierno porte\u00f1o llen\u00f3 de polic\u00edas varias de las comisar\u00edas de la Ciudad"},"content":{"rendered":"\n<h2 class=\"wp-block-heading\">Casi 500 efectivos de la Polic\u00eda de la Ciudad arribaron desde este fin de semana diferentes comisar\u00edas porte\u00f1as, con la idea de reforzar la seguridad en varios barrios de CABA.<\/h2>\n\n\n\n<p>La medida del Ministerio de Seguridad que encabeza Waldo Wolff se datambi\u00e9n tras varias fugas en dependencias porte\u00f1as, por lo que la llegada de polic\u00edas tambi\u00e9n servir\u00e1 para incrementar la presencia de custodia en las diferentes dependencias.<\/p>\n\n\n\n<p>Se trata de 461 efectivos que se sumar\u00e1n a las distintas comisarias vecinales, provenientes de otras \u00e1reas no operativas de la Polic\u00eda de la Ciudad.<\/p>\n\n\n\n<p>En los pr\u00f3ximos d\u00edas podr\u00eda aumentar la cantidad de uniformados para reforzar las seccionales.<\/p>\n\n\n\n<p>Hasta el momento son 43 principales, 86 inspectores, 95 oficiales mayores, 95 oficiales primero y 142 oficiales distribuidos en 21 dependencias porte\u00f1as.<\/p>\n\n\n\n<p>Se trata de las Comisar\u00edas Vecinales 1A (Retiro), 1B (Monserrat), 1C (Constituci\u00f3n), 1D (San Nicol\u00e1s), 2A (Recoleta), 2B (Recoleta), 5A (Almagro), 6A (Caballito), 6B (Caballito), 12A (Villa Urquiza), 12B (Villa Urquiza), 12C (Villa Urquiza), 13A (Belgrano), 13B (N\u00fa\u00f1ez), 13C (Belgrano), 14A (Palermo), 14B (Palermo) 14C (Palermo), 15A (Chacarita), 15B (Villa Crespo) y 15C (Chacarita).<\/p>\n\n\n\n<p>\u00abEl refuerzo tiene que ver con custodiar a\u00fan mas en las calles, m\u00e1s all\u00e1 que tambi\u00e9n pueda servir para aumentar la presencia policial dentro de las seccionales y as\u00ed evitar la fuga de presos\u00bb, se\u00f1al\u00f3 un vocero policial.<\/p>\n\n\n\n<p>De hecho, de las dependencias reforzadas en las \u00faltimas horas, s\u00f3lo en tres de ellas hubo fugas de presos este a\u00f1o: 6A (seis presos y recapturados dos de ellos), 1D (uno solo) y 3A (seis, dos de los cuales fueron recapturados).<\/p>\n\n\n\n<p>La meta principal es el de \u00abinundar\u00bb las calles porte\u00f1as de uniformados y no se descarta que en los pr\u00f3ximos d\u00edas se tomen medidas similares en otras comisar\u00edas vecinales de la Polic\u00eda de la Ciudad.<\/p>\n","protected":false},"excerpt":{"rendered":"<p>Casi 500 efectivos de la Polic&iacute;a de la Ciudad arribaron desde este fin de semana diferentes comisar&iacute;as porte&ntilde;as, con la idea de reforzar la seguridad en varios barrios de CABA. La medida del Ministerio de Seguridad que encabeza Waldo Wolff se datambi&eacute;n tras varias fugas en dependencias porte&ntilde;as, por lo que la llegada de polic&iacute;as [&hellip;]<\/p>\n","protected":false},"author":2,"featured_media":11848,"comment_status":"open","ping_status":"open","sticky":false,"template":"","format":"standard","meta":{"footnotes":""},"categories":[3272,176],"tags":[5506,5505,224,3819,4319,4669],"class_list":["post-11847","post","type-post","status-publish","format-standard","has-post-thumbnail","hentry","category-municipales","category-politica","tag-cava","tag-comisarias","tag-gobierno","tag-policias","tag-porteno","tag-waldo-wolff"],"_links":{"self":[{"href":"https:\/\/partediario.com.ar\/index.php?rest_route=\/wp\/v2\/posts\/11847","targetHints":{"allow":["GET"]}}],"collection":[{"href":"https:\/\/partediario.com.ar\/index.php?rest_route=\/wp\/v2\/posts"}],"about":[{"href":"https:\/\/partediario.com.ar\/index.php?rest_route=\/wp\/v2\/types\/post"}],"author":[{"embeddable":true,"href":"https:\/\/partediario.com.ar\/index.php?rest_route=\/wp\/v2\/users\/2"}],"replies":[{"embeddable":true,"href":"https:\/\/partediario.com.ar\/index.php?rest_route=%2Fwp%2Fv2%2Fcomments&post=11847"}],"version-history":[{"count":1,"href":"https:\/\/partediario.com.ar\/index.php?rest_route=\/wp\/v2\/posts\/11847\/revisions"}],"predecessor-version":[{"id":11849,"href":"https:\/\/partediario.com.ar\/index.php?rest_route=\/wp\/v2\/posts\/11847\/revisions\/11849"}],"wp:featuredmedia":[{"embeddable":true,"href":"https:\/\/partediario.com.ar\/index.php?rest_route=\/wp\/v2\/media\/11848"}],"wp:attachment":[{"href":"https:\/\/partediario.com.ar\/index.php?rest_route=%2Fwp%2Fv2%2Fmedia&parent=11847"}],"wp:term":[{"taxonomy":"category","embeddable":true,"href":"https:\/\/partediario.com.ar\/index.php?rest_route=%2Fwp%2Fv2%2Fcategories&post=11847"},{"taxonomy":"post_tag","embeddable":true,"href":"https:\/\/partediario.com.ar\/index.php?rest_route=%2Fwp%2Fv2%2Ftags&post=11847"}],"curies":[{"name":"wp","href":"https:\/\/api.w.org\/{rel}","templated":true}]}}