{"id":11869,"date":"2025-03-03T13:33:11","date_gmt":"2025-03-03T16:33:11","guid":{"rendered":"https:\/\/partediario.com.ar\/?p=11869"},"modified":"2025-03-04T14:21:38","modified_gmt":"2025-03-04T17:21:38","slug":"nueva-medida-de-fuerza-de-las-universidades-publicas-por-48-horas-en-reclamo-por-los-bajos-salarios-y-el-desfinanciamiento","status":"publish","type":"post","link":"https:\/\/partediario.com.ar\/?p=11869","title":{"rendered":"Nueva medida de fuerza de las universidades p\u00fablicas por 48 horas en reclamo por los bajos salarios y el desfinanciamiento"},"content":{"rendered":"\n<h2 class=\"wp-block-heading\">El Frente Sindical de Universidades Nacionales convoc\u00f3 a un paro de 48 horas para el 17 y 18 de marzo, en reclamo de mejoras salariales y como repudio al desfinanciamiento por parte del Gobierno de Javier Milei hacia las casas de altos estudios.<\/h2>\n\n\n\n<p>En un comunicado difundido en las redes sociales, el Frente Sindical precis\u00f3 que se trata de una medida de fuerza que es \u201crespuesta a las pol\u00edticas implementadas por el gobierno de Javier Milei, que han generado un impacto devastador en las universidades nacionales\u201d.<\/p>\n\n\n\n<p>\u201cEl incremento salarial del 1,5% para enero y del 1,2% para el mes de febrero, impuesto por la Subsecretar\u00eda de Pol\u00edticas Universitarias (SPU), contin\u00faa profundizando la p\u00e9rdida salarial acumulada durante el a\u00f1o 2024\u201d, agreg\u00f3 el sector gremial.<\/p>\n\n\n\n<p>El texto se\u00f1alada adem\u00e1s que \u201cel Gobierno no solo intensifica la crisis salarial de los sectores docente y no docente, sino tambi\u00e9n desconoce el \u00e1mbito paritario como espacio de discusi\u00f3n en el que se dirimen las diferencias, se encauzan los conflictos y se generan los acuerdos acerca del salario y las condiciones de trabajo\u201d<\/p>\n\n\n\n<p>La medida de fuerza, que coincide con el inicio del ciclo lectivo en ese segmento educativo superior, apunta a que el \u201cdesfinanciamiento de las universidades nacionales se constituye en un grave problema que la comunidad universitaria y la sociedad en general enfrenta\u201d.<\/p>\n\n\n\n<p>\u201cSin ley de presupuesto para el 2025, las universidades quedan otro a\u00f1o m\u00e1s sin un horizonte presupuestario claro y con ello se afectan aspectos sustantivos como el desarrollo de proyectos acad\u00e9micos, la investigaci\u00f3n, el sostenimiento del sistema de becas para estudiantes y, en general, se pone en riesgo el funcionamiento b\u00e1sico de las universidades\u201d, destacaron.<\/p>\n\n\n\n<p>El Frente Sindical adhiere adem\u00e1s al Paro Internacional Feminista en el d\u00eda de la Mujer Trabajadora del pr\u00f3ximo 8 de marzo y \u201cconvoca a las compa\u00f1eras trabajadoras docentes y no docentes a participar activamente de las movilizaciones en todo el pa\u00eds contra el hambre, el saqueo y la crueldad\u201d.<\/p>\n","protected":false},"excerpt":{"rendered":"<p>El Frente Sindical de Universidades Nacionales convoc&oacute; a un paro de 48 horas para el 17 y 18 de marzo, en reclamo de mejoras salariales y como repudio al desfinanciamiento por parte del Gobierno de Javier Milei hacia las casas de altos estudios. En un comunicado difundido en las redes sociales, el Frente Sindical precis&oacute; [&hellip;]<\/p>\n","protected":false},"author":2,"featured_media":11870,"comment_status":"open","ping_status":"open","sticky":false,"template":"","format":"standard","meta":{"footnotes":""},"categories":[978,5,176],"tags":[5517,5518,232,691,2982,3289],"class_list":["post-11869","post","type-post","status-publish","format-standard","has-post-thumbnail","hentry","category-gremiales","category-nacionales","category-politica","tag-desfinanciamiento","tag-frente-sindical","tag-javier-milei","tag-paro","tag-salarios","tag-universidades"],"_links":{"self":[{"href":"https:\/\/partediario.com.ar\/index.php?rest_route=\/wp\/v2\/posts\/11869","targetHints":{"allow":["GET"]}}],"collection":[{"href":"https:\/\/partediario.com.ar\/index.php?rest_route=\/wp\/v2\/posts"}],"about":[{"href":"https:\/\/partediario.com.ar\/index.php?rest_route=\/wp\/v2\/types\/post"}],"author":[{"embeddable":true,"href":"https:\/\/partediario.com.ar\/index.php?rest_route=\/wp\/v2\/users\/2"}],"replies":[{"embeddable":true,"href":"https:\/\/partediario.com.ar\/index.php?rest_route=%2Fwp%2Fv2%2Fcomments&post=11869"}],"version-history":[{"count":1,"href":"https:\/\/partediario.com.ar\/index.php?rest_route=\/wp\/v2\/posts\/11869\/revisions"}],"predecessor-version":[{"id":11871,"href":"https:\/\/partediario.com.ar\/index.php?rest_route=\/wp\/v2\/posts\/11869\/revisions\/11871"}],"wp:featuredmedia":[{"embeddable":true,"href":"https:\/\/partediario.com.ar\/index.php?rest_route=\/wp\/v2\/media\/11870"}],"wp:attachment":[{"href":"https:\/\/partediario.com.ar\/index.php?rest_route=%2Fwp%2Fv2%2Fmedia&parent=11869"}],"wp:term":[{"taxonomy":"category","embeddable":true,"href":"https:\/\/partediario.com.ar\/index.php?rest_route=%2Fwp%2Fv2%2Fcategories&post=11869"},{"taxonomy":"post_tag","embeddable":true,"href":"https:\/\/partediario.com.ar\/index.php?rest_route=%2Fwp%2Fv2%2Ftags&post=11869"}],"curies":[{"name":"wp","href":"https:\/\/api.w.org\/{rel}","templated":true}]}}