{"id":11872,"date":"2025-03-03T13:39:10","date_gmt":"2025-03-03T16:39:10","guid":{"rendered":"https:\/\/partediario.com.ar\/?p=11872"},"modified":"2025-03-04T14:21:33","modified_gmt":"2025-03-04T17:21:33","slug":"estafadores-coimeros-y-matoncitos-les-queda-poco-apunto-nicolas-del-cano","status":"publish","type":"post","link":"https:\/\/partediario.com.ar\/?p=11872","title":{"rendered":"\u00abEstafadores, coimeros y matoncitos, les queda poco\u00bb, apunt\u00f3 Nicol\u00e1s del Ca\u00f1\u00f3"},"content":{"rendered":"\n<h2 class=\"wp-block-heading\">El diputado nacional por el Frente de Izquierda de los Trabajadores (FIT) Nicol\u00e1s del Ca\u00f1o le contest\u00f3 al vocero presidencial, Manuel Adorni, quien lo calific\u00f3 a \u00e9l y a los miembros de su partido como \u201cun c\u00famulo infinito de subnormalidad\u201d.<\/h2>\n\n\n\n<p>Las declaraciones por redes sociales, se diaron despu\u00e9s que el bloque del FIT, conformado por Del Ca\u00f1o y Christian Castillo (Partido de los Trabajadores Socialistas) y M\u00f3nica Schlotthauer (Izquierda Socialista) se presentaran en la apertura de sesiones ordinarias, con carteles que acusaban al presidente Javier Milei de \u201cestafador, hambreador y represor\u201d, los dejaran sobre sus bancas y se retiraran, previo a que iniciara el discurso.<\/p>\n\n\n\n<p>Castillo se sum\u00f3 a los dichos de su compa\u00f1ero de bloque, y remarc\u00f3 que dejaron esos mensajes \u201ccon la opini\u00f3n de gran parte del pueblo trabajador\u201d y comparti\u00f3 la decisi\u00f3n de abandonar el recinto.<\/p>\n\n\n\n<p>\u201cMientras los estafadores se aplauden a s\u00ed mismos, las cacerolas suenan en todos lados. Periodistas parlamentarios denunciaron adem\u00e1s agresiones y que no los dejaban bajar del palco para hacer su trabajo. Todo nuestro repudio\u201d, exprsa\u00f3 Castillo quien tambi\u00e9n se solidariz\u00f3 con el diputado Facundo Manes por las agresiones y amenazas recibidas.<\/p>\n\n\n\n<p>Por su parte Schlotthauer se\u00f1al\u00f3 que los carteles que llevaron hablaban \u201cpor una gran parte del pueblo argentino\u201d que repudia a \u201cun gobierno estafador\u201d y a un presidente que es una \u201cmarioneta de Donald Trump\u00bb: \u201cFue la primera apertura de sesiones ordinarias donde hubo m\u00e1s caballos que personas\u201d, agreg\u00f3.<\/p>\n\n\n\n<p>Adem\u00e1s, y al igual que sus compa\u00f1eros del FIT, repudi\u00f3 \u201clas agresiones f\u00edsicas y amenazas\u201d recibidas por Manes de parte de los \u00abcapu-chorros\u00bb (haciendo clara alusi\u00f3n al asesor presidencial Santiago Caputo).<\/p>\n\n\n\n<p>\u201c\u00bfHasta cu\u00e1ndo van a naturalizar la violencia institucional? Gasean y apalean a los jubilados todos los mi\u00e9rcoles. Hay presos \u00absin causa\u00bb en Esquel, Victoria. En Mendoza, compa\u00f1eros ambientalistas. 23 d\u00edas de Nahuel Heredia, brigadista en Bariloche. En Chubut, allanan familias mapuches con encapuchados y armas largas, y una radio comunitaria. Inyectan odio en los discursos\u201d, finaliz\u00f3.<\/p>\n","protected":false},"excerpt":{"rendered":"<p>El diputado nacional por el Frente de Izquierda de los Trabajadores (FIT) Nicol&aacute;s del Ca&ntilde;o le contest&oacute; al vocero presidencial, Manuel Adorni, quien lo calific&oacute; a &eacute;l y a los miembros de su partido como &ldquo;un c&uacute;mulo infinito de subnormalidad&rdquo;. Las declaraciones por redes sociales, se diaron despu&eacute;s que el bloque del FIT, conformado por [&hellip;]<\/p>\n","protected":false},"author":2,"featured_media":11873,"comment_status":"open","ping_status":"open","sticky":false,"template":"","format":"standard","meta":{"footnotes":""},"categories":[5,176],"tags":[5523,5520,5519,1149,646,5521,3186,4337],"class_list":["post-11872","post","type-post","status-publish","format-standard","has-post-thumbnail","hentry","category-nacionales","category-politica","tag-christian-castillo","tag-coimeros","tag-estafadores","tag-fit","tag-manuel-adorni","tag-matoncitos","tag-monica-schlottahuer","tag-nicolas-del-cano"],"_links":{"self":[{"href":"https:\/\/partediario.com.ar\/index.php?rest_route=\/wp\/v2\/posts\/11872","targetHints":{"allow":["GET"]}}],"collection":[{"href":"https:\/\/partediario.com.ar\/index.php?rest_route=\/wp\/v2\/posts"}],"about":[{"href":"https:\/\/partediario.com.ar\/index.php?rest_route=\/wp\/v2\/types\/post"}],"author":[{"embeddable":true,"href":"https:\/\/partediario.com.ar\/index.php?rest_route=\/wp\/v2\/users\/2"}],"replies":[{"embeddable":true,"href":"https:\/\/partediario.com.ar\/index.php?rest_route=%2Fwp%2Fv2%2Fcomments&post=11872"}],"version-history":[{"count":1,"href":"https:\/\/partediario.com.ar\/index.php?rest_route=\/wp\/v2\/posts\/11872\/revisions"}],"predecessor-version":[{"id":11874,"href":"https:\/\/partediario.com.ar\/index.php?rest_route=\/wp\/v2\/posts\/11872\/revisions\/11874"}],"wp:featuredmedia":[{"embeddable":true,"href":"https:\/\/partediario.com.ar\/index.php?rest_route=\/wp\/v2\/media\/11873"}],"wp:attachment":[{"href":"https:\/\/partediario.com.ar\/index.php?rest_route=%2Fwp%2Fv2%2Fmedia&parent=11872"}],"wp:term":[{"taxonomy":"category","embeddable":true,"href":"https:\/\/partediario.com.ar\/index.php?rest_route=%2Fwp%2Fv2%2Fcategories&post=11872"},{"taxonomy":"post_tag","embeddable":true,"href":"https:\/\/partediario.com.ar\/index.php?rest_route=%2Fwp%2Fv2%2Ftags&post=11872"}],"curies":[{"name":"wp","href":"https:\/\/api.w.org\/{rel}","templated":true}]}}