{"id":11877,"date":"2025-03-03T13:47:26","date_gmt":"2025-03-03T16:47:26","guid":{"rendered":"https:\/\/partediario.com.ar\/?p=11877"},"modified":"2025-03-04T14:21:25","modified_gmt":"2025-03-04T17:21:25","slug":"legisladora-del-pro-apoya-el-reclamo-de-javier-milei-sobre-bajar-la-edad-de-imputabilidad-de-los-menores","status":"publish","type":"post","link":"https:\/\/partediario.com.ar\/?p=11877","title":{"rendered":"Legisladora del PRO apoya el reclamo de Javier Milei sobre bajar la edad de imputabilidad de los menores"},"content":{"rendered":"\n<h2 class=\"wp-block-heading\">La diputada Laura Rodr\u00edguez Machado (PRO-C\u00f3rdoba), presidenta de la Comisi\u00f3n de Legislaci\u00f3n Penal de la C\u00e1mara baja, coincidi\u00f3 con el reclamo del presidente Javier Milei sobre bajar la edad de imputabilidad de menores que delinquen, no obstante alert\u00f3 que \u201cla modificaci\u00f3n es mucho m\u00e1s que cambiar la edad\u201d.<\/h2>\n\n\n\n<p>La legisladora se\u00f1al\u00f3 que en la comisi\u00f3n dieron su testimonio especialistas que \u201cmanifestaron desde qu\u00e9 edad el joven tiene capacidad de discernir\u201d, y afirm\u00f3 que \u201chay teor\u00edas hablan a partir de los 12 a\u00f1os\u201d.<\/p>\n\n\n\n<p>En declaraciones radiales, Rodr\u00edguez Machado consider\u00f3 que la iniciativa que se discute \u00abestablece, de acuerdo al il\u00edcito, una serie de situaciones alternativas no solo para evitar que siga cometiendo delitos sino para evitar que los j\u00f3venes ingresen a la espiral delictiva\u00bb.<\/p>\n\n\n\n<p>\u201cLa modificaci\u00f3n del R\u00e9gimen Penal Juvenil es mucho m\u00e1s que cambiar la edad de la imputabilidad\u201d, expres\u00f3 Rodr\u00edguez Machado, quien evit\u00f3 pronunciarse sobre una edad en particular para establecer el nuevo l\u00edmite etario.<\/p>\n\n\n\n<p>Explic\u00f3 que los proyectos que se discuten establecen \u201cde acuerdo al il\u00edcito que se haya cometido, una serie de situaciones alternativas, no solo para evitar que siga cometiendo delitos, sino para evitar que los j\u00f3venes ingresen a la espiral delictiva\u201d.<\/p>\n\n\n\n<p>Mencion\u00f3 que se incorporar\u00edan \u201calternativas como amonestaci\u00f3n, prohibici\u00f3n de contacto (con otras personas), prohibici\u00f3n de salir del pa\u00eds, y hasta prohibici\u00f3n de conducir veh\u00edculos, para los menores que hacen picadas o manejan sin carnet\u201d.<\/p>\n\n\n\n<p>\u201cNo solo es la prisi\u00f3n la alternativa cuando tienen menos de 16 a\u00f1os, sino que se busca que el menor tenga contenci\u00f3n por parte del estado, y distintas modalidades de prisi\u00f3n muchas atenuadas por ser menor, dependiendo del delito, como la prisi\u00f3n domiciliaria\u201d, agreg\u00f3.<\/p>\n\n\n\n<p>E indic\u00f3 que se estudian adem\u00e1s \u201cprogramas tendientes a la resocializaci\u00f3n de menor, cosa que hoy casi no pasa\u201d, y tambi\u00e9n otros de \u201cformaci\u00f3n ciudadana\u201d y \u201ctratamientos m\u00e9dicos en caso de afecciones f\u00edsicas o psicol\u00f3gicas, especialmente cuando hay adicciones a las drogas\u201d.<\/p>\n\n\n\n<p>\u201cTiene que venir un R\u00e9gimen Penal Juvenil con alternativas de tratamientos en delitos menores, para evitar que cuando tenga m\u00e1s de 16 a\u00f1os haya cometido varios delitos y no haya forma de volver atr\u00e1s\u201d, finaliz\u00f3.<\/p>\n","protected":false},"excerpt":{"rendered":"<p>La diputada Laura Rodr&iacute;guez Machado (PRO-C&oacute;rdoba), presidenta de la Comisi&oacute;n de Legislaci&oacute;n Penal de la C&aacute;mara baja, coincidi&oacute; con el reclamo del presidente Javier Milei sobre bajar la edad de imputabilidad de menores que delinquen, no obstante alert&oacute; que &ldquo;la modificaci&oacute;n es mucho m&aacute;s que cambiar la edad&rdquo;. La legisladora se&ntilde;al&oacute; que en la comisi&oacute;n [&hellip;]<\/p>\n","protected":false},"author":2,"featured_media":11878,"comment_status":"open","ping_status":"open","sticky":false,"template":"","format":"standard","meta":{"footnotes":""},"categories":[5,176],"tags":[309,2150,1268,232,2527,935,2062],"class_list":["post-11877","post","type-post","status-publish","format-standard","has-post-thumbnail","hentry","category-nacionales","category-politica","tag-apoyo","tag-edad","tag-imputabilidad","tag-javier-milei","tag-laura-rodriguez-machado","tag-menores","tag-pro"],"_links":{"self":[{"href":"https:\/\/partediario.com.ar\/index.php?rest_route=\/wp\/v2\/posts\/11877","targetHints":{"allow":["GET"]}}],"collection":[{"href":"https:\/\/partediario.com.ar\/index.php?rest_route=\/wp\/v2\/posts"}],"about":[{"href":"https:\/\/partediario.com.ar\/index.php?rest_route=\/wp\/v2\/types\/post"}],"author":[{"embeddable":true,"href":"https:\/\/partediario.com.ar\/index.php?rest_route=\/wp\/v2\/users\/2"}],"replies":[{"embeddable":true,"href":"https:\/\/partediario.com.ar\/index.php?rest_route=%2Fwp%2Fv2%2Fcomments&post=11877"}],"version-history":[{"count":1,"href":"https:\/\/partediario.com.ar\/index.php?rest_route=\/wp\/v2\/posts\/11877\/revisions"}],"predecessor-version":[{"id":11879,"href":"https:\/\/partediario.com.ar\/index.php?rest_route=\/wp\/v2\/posts\/11877\/revisions\/11879"}],"wp:featuredmedia":[{"embeddable":true,"href":"https:\/\/partediario.com.ar\/index.php?rest_route=\/wp\/v2\/media\/11878"}],"wp:attachment":[{"href":"https:\/\/partediario.com.ar\/index.php?rest_route=%2Fwp%2Fv2%2Fmedia&parent=11877"}],"wp:term":[{"taxonomy":"category","embeddable":true,"href":"https:\/\/partediario.com.ar\/index.php?rest_route=%2Fwp%2Fv2%2Fcategories&post=11877"},{"taxonomy":"post_tag","embeddable":true,"href":"https:\/\/partediario.com.ar\/index.php?rest_route=%2Fwp%2Fv2%2Ftags&post=11877"}],"curies":[{"name":"wp","href":"https:\/\/api.w.org\/{rel}","templated":true}]}}