{"id":11892,"date":"2025-03-03T18:20:21","date_gmt":"2025-03-03T21:20:21","guid":{"rendered":"https:\/\/partediario.com.ar\/?p=11892"},"modified":"2025-03-03T18:20:22","modified_gmt":"2025-03-03T21:20:22","slug":"quien-es-javier-sanchez-wrba-el-reemplazante-de-hernan-lombardi-en-diputados","status":"publish","type":"post","link":"https:\/\/partediario.com.ar\/?p=11892","title":{"rendered":"Qui\u00e9n es Javier S\u00e1nchez Wrba, el reemplazante de Hern\u00e1n Lombardi en Diputados"},"content":{"rendered":"\n<h2 class=\"wp-block-heading\">El dirigente bonaerense del PRO Javier S\u00e1nchez Wrba asumir\u00e1 como diputado nacional en reemplazo de Hern\u00e1n Lombardi, quien fue designado como ministro de Desarrollo Econ\u00f3mico de la Ciudad de Buenos Aires, confirmaron fuentes parlamentarias.<\/h2>\n\n\n\n<p>Sanchez Wrba es una joven dirigente de Trenque Lauquen que se est\u00e1 desempe\u00f1ando como prosecretario parlamentario del PRO del bloque del Senado, y desde esa funci\u00f3n manten\u00eda un contacto permanente con la prensa acreditada en el Congreso Nacional.<\/p>\n\n\n\n<p>El dirigente del PRO deber\u00e1 asumir como diputado-luego que renuncie Lombardi-ya que figuraba en el lugar 17 de la lista y en la elecci\u00f3n del 2021 Juntos por el Cambio obtuvo 16 de las 35 bancas que estaban en juego.<\/p>\n\n\n\n<p>Sanchez Wrba debe completar el mandato de Lombardi que vence el 9 de diciembre de este a\u00f1o. El dirigente bonaerense es licenciado en Ciencias Pol\u00edticas y desarroll\u00f3 su militancia cerca del ex ministro de Educaci\u00f3n, Esteban Bullrich.<\/p>\n","protected":false},"excerpt":{"rendered":"<p>El dirigente bonaerense del PRO Javier S&aacute;nchez Wrba asumir&aacute; como diputado nacional en reemplazo de Hern&aacute;n Lombardi, quien fue designado como ministro de Desarrollo Econ&oacute;mico de la Ciudad de Buenos Aires, confirmaron fuentes parlamentarias. Sanchez Wrba es una joven dirigente de Trenque Lauquen que se est&aacute; desempe&ntilde;ando como prosecretario parlamentario del PRO del bloque del [&hellip;]<\/p>\n","protected":false},"author":2,"featured_media":11893,"comment_status":"open","ping_status":"open","sticky":false,"template":"","format":"standard","meta":{"footnotes":""},"categories":[5,176],"tags":[310,5528,5529,3826],"class_list":["post-11892","post","type-post","status-publish","format-standard","has-post-thumbnail","hentry","category-nacionales","category-politica","tag-diputados","tag-hernan-lombardi","tag-jorge-sanchez-wrba","tag-reemplazo"],"_links":{"self":[{"href":"https:\/\/partediario.com.ar\/index.php?rest_route=\/wp\/v2\/posts\/11892","targetHints":{"allow":["GET"]}}],"collection":[{"href":"https:\/\/partediario.com.ar\/index.php?rest_route=\/wp\/v2\/posts"}],"about":[{"href":"https:\/\/partediario.com.ar\/index.php?rest_route=\/wp\/v2\/types\/post"}],"author":[{"embeddable":true,"href":"https:\/\/partediario.com.ar\/index.php?rest_route=\/wp\/v2\/users\/2"}],"replies":[{"embeddable":true,"href":"https:\/\/partediario.com.ar\/index.php?rest_route=%2Fwp%2Fv2%2Fcomments&post=11892"}],"version-history":[{"count":1,"href":"https:\/\/partediario.com.ar\/index.php?rest_route=\/wp\/v2\/posts\/11892\/revisions"}],"predecessor-version":[{"id":11894,"href":"https:\/\/partediario.com.ar\/index.php?rest_route=\/wp\/v2\/posts\/11892\/revisions\/11894"}],"wp:featuredmedia":[{"embeddable":true,"href":"https:\/\/partediario.com.ar\/index.php?rest_route=\/wp\/v2\/media\/11893"}],"wp:attachment":[{"href":"https:\/\/partediario.com.ar\/index.php?rest_route=%2Fwp%2Fv2%2Fmedia&parent=11892"}],"wp:term":[{"taxonomy":"category","embeddable":true,"href":"https:\/\/partediario.com.ar\/index.php?rest_route=%2Fwp%2Fv2%2Fcategories&post=11892"},{"taxonomy":"post_tag","embeddable":true,"href":"https:\/\/partediario.com.ar\/index.php?rest_route=%2Fwp%2Fv2%2Ftags&post=11892"}],"curies":[{"name":"wp","href":"https:\/\/api.w.org\/{rel}","templated":true}]}}