{"id":11897,"date":"2025-03-03T18:29:33","date_gmt":"2025-03-03T21:29:33","guid":{"rendered":"https:\/\/partediario.com.ar\/?p=11897"},"modified":"2025-03-04T14:21:07","modified_gmt":"2025-03-04T17:21:07","slug":"donald-trump-confirmo-que-analiza-un-tratado-de-libre-comercio-con-argentina","status":"publish","type":"post","link":"https:\/\/partediario.com.ar\/?p=11897","title":{"rendered":"Donald Trump confirm\u00f3 que analiza un tratado de libre comercio con Argentina"},"content":{"rendered":"\n<h2 class=\"wp-block-heading\">Desde la Casa Blanca, el mandatario norteamericano afirm\u00f3 que pensaba que el presidente argentino Javier Milei es un \u00abgran l\u00edder\u00bb.<\/h2>\n\n\n\n<p>El presidente de Estados Unidos, Donald Trump, se\u00f1al\u00f3 este lunes que considerar\u00eda firmar un acuerdo de libre comercio con Argentina.<\/p>\n\n\n\n<p>En declaraciones a periodistas en la Casa Blanca, Trump asever\u00f3 que pensaba que el presidente argentino Javier Milei es un \u00abgran l\u00edder\u00bb.<\/p>\n\n\n\n<p>Noticia en desarrollo\u2026<\/p>\n","protected":false},"excerpt":{"rendered":"<p>Desde la Casa Blanca, el mandatario norteamericano afirm&oacute; que pensaba que el presidente argentino Javier Milei es un &laquo;gran l&iacute;der&raquo;. El presidente de Estados Unidos, Donald Trump, se&ntilde;al&oacute; este lunes que considerar&iacute;a firmar un acuerdo de libre comercio con Argentina. En declaraciones a periodistas en la Casa Blanca, Trump asever&oacute; que pensaba que el presidente [&hellip;]<\/p>\n","protected":false},"author":2,"featured_media":11898,"comment_status":"open","ping_status":"open","sticky":false,"template":"","format":"standard","meta":{"footnotes":""},"categories":[5,176],"tags":[411,5533,857,232,4018,5532],"class_list":["post-11897","post","type-post","status-publish","format-standard","has-post-thumbnail","hentry","category-nacionales","category-politica","tag-argentina","tag-comercio","tag-donald-trump","tag-javier-milei","tag-libre","tag-tratado"],"_links":{"self":[{"href":"https:\/\/partediario.com.ar\/index.php?rest_route=\/wp\/v2\/posts\/11897","targetHints":{"allow":["GET"]}}],"collection":[{"href":"https:\/\/partediario.com.ar\/index.php?rest_route=\/wp\/v2\/posts"}],"about":[{"href":"https:\/\/partediario.com.ar\/index.php?rest_route=\/wp\/v2\/types\/post"}],"author":[{"embeddable":true,"href":"https:\/\/partediario.com.ar\/index.php?rest_route=\/wp\/v2\/users\/2"}],"replies":[{"embeddable":true,"href":"https:\/\/partediario.com.ar\/index.php?rest_route=%2Fwp%2Fv2%2Fcomments&post=11897"}],"version-history":[{"count":1,"href":"https:\/\/partediario.com.ar\/index.php?rest_route=\/wp\/v2\/posts\/11897\/revisions"}],"predecessor-version":[{"id":11899,"href":"https:\/\/partediario.com.ar\/index.php?rest_route=\/wp\/v2\/posts\/11897\/revisions\/11899"}],"wp:featuredmedia":[{"embeddable":true,"href":"https:\/\/partediario.com.ar\/index.php?rest_route=\/wp\/v2\/media\/11898"}],"wp:attachment":[{"href":"https:\/\/partediario.com.ar\/index.php?rest_route=%2Fwp%2Fv2%2Fmedia&parent=11897"}],"wp:term":[{"taxonomy":"category","embeddable":true,"href":"https:\/\/partediario.com.ar\/index.php?rest_route=%2Fwp%2Fv2%2Fcategories&post=11897"},{"taxonomy":"post_tag","embeddable":true,"href":"https:\/\/partediario.com.ar\/index.php?rest_route=%2Fwp%2Fv2%2Ftags&post=11897"}],"curies":[{"name":"wp","href":"https:\/\/api.w.org\/{rel}","templated":true}]}}