{"id":11902,"date":"2025-03-04T14:20:37","date_gmt":"2025-03-04T17:20:37","guid":{"rendered":"https:\/\/partediario.com.ar\/?p=11902"},"modified":"2025-03-05T10:06:04","modified_gmt":"2025-03-05T13:06:04","slug":"es-indignante-para-nuestro-pais-y-el-pueblo-gabriel-solano-apunto-contra-sandra-pettovello","status":"publish","type":"post","link":"https:\/\/partediario.com.ar\/?p=11902","title":{"rendered":"\u00abEs indignante para nuestro pa\u00eds y el pueblo\u00bb: Gabriel Solano apunt\u00f3 contra Sandra Pettovello"},"content":{"rendered":"\n<h2 class=\"wp-block-heading\">El legislador porte\u00f1o del Frente de Izquierda Gabriel Solano arremeti\u00f3 contra la ministra de Capital Humano, Sandra Pettovello, al acusarla de ser \u201cindigna para el pa\u00eds y para el pueblo\u201d, y criticar fuertemente las pol\u00edticas sociales de la cartera nacional.<\/h2>\n\n\n\n<p>\u201cLa verdad es que tenemos una ministra que es indigna para nuestro pa\u00eds y nuestro pueblo\u201d, expres\u00f3 en declaraciones radiales, y a\u00f1adi\u00f3: \u201cAlguien que en un pa\u00eds que tiene el 60% de los pibes pobres ha decidido vaciar los comedores populares. No tengo un cuento adjetivo para calificar eso\u201d.<\/p>\n\n\n\n<p>En otro pasaje de la entrevista, Solano critic\u00f3 al jefe de Gobierno porte\u00f1o, Jorge Macri, y al exministro de Seguridad de la Ciudad Waldo Wolff. revel\u00f3 tambi\u00e9n que el alcalde busca crear un sistema electoral \u201ca la carta\u201d, e impulsa la suspensi\u00f3n de las elecciones Primarias, Abiertas, Simult\u00e1neas y Obligatorias (PASO) porque \u201cle conviene\u201d.<\/p>\n\n\n\n<p>\u201cNo estoy de acuerdo con las PASO, nunca las apoy\u00e9. Siempre me parecieron que era una forma de interferir en la vida de los partidos pol\u00edticos, que tienen que decidir las candidaturas por su propio programa, pero ac\u00e1 no se quiso eliminar las PASO. Ac\u00e1 lo que se hizo fue que por \u00fanica raz\u00f3n lo hicieran as\u00ed para probar, a ver qu\u00e9 pasa. No les conviene aqu\u00ed, a este Gobierno. Ac\u00e1 hay una manipulaci\u00f3n\u201d, plante\u00f3.<\/p>\n\n\n\n<p>Y agreg\u00f3: \u201cUno puede estar a favor o en contra de las leyes electorales, pero las leyes ya no pueden cambiar todos los d\u00edas de acuerdo a lo que le conviene al gobierno. Porque entonces uno cae en la manipulaci\u00f3n\u201d<\/p>\n\n\n\n<p>\u201cJorge Macri sali\u00f3 electo jefe de gobierno, con unas elecciones que estaban pegadas a la presidencia. Ahora las divide. Y ahora suspende las PASO por una \u00fanica vez. Esto es un r\u00e9gimen de la carta. Lo que le conviene\u2026\u201d, puntualiz\u00f3.<\/p>\n\n\n\n<p>Por su parte, el legislador del FIT se\u00f1al\u00f3 que el alcance del PRO est\u00e1 en riesgo, incluso con el expresidente Mauricio Macri presente y plante\u00f3 que \u201cla gesti\u00f3n actual es un desastre\u201d. \u201cEso lo dicen propios y ajenos. Es una muy mala gesti\u00f3n. El contenido de esa mala gesti\u00f3n tiene que ver con que Jorge Macri se ha propuesto ser una especie de mejor alumno de Milei, pero es un amor no correspondido\u201d, arremeti\u00f3.<\/p>\n\n\n\n<p>Para Solano, Jorge Macri tiene un \u201camor no correspondido\u201d con el presidente Javier Milei, y \u201chace todo para que haga un acuerdo con \u00e9l, pero Milei no quiere hacerlo, solo est\u00e1 empe\u00f1ado en ganarle a la Ciudad de Buenos Aires\u201d.<\/p>\n\n\n\n<p>\u201cEn la b\u00fasqueda del amor que no tiene correspondencia hace todo lo que quiere Milei. Entonces, ahora est\u00e1n cerrando, por ejemplo, casi 200 cursos en las escuelas nocturnas de la Ciudad de Buenos Aires, y no hay presupuesto\u201d, se\u00f1al\u00f3 a modo de ejemplo.<\/p>\n\n\n\n<p>Finalizando, repudi\u00f3 la designaci\u00f3n del nuevo ministro de Seguridad, Horacio Gim\u00e9nez, al tiempo que critic\u00f3 al exfuncionario Waldo Wolff. \u201cLo que est\u00e1 pasando en la Ciudad de Buenos Aires, en materia espec\u00edficamente de los presos, es un incremento de la poblaci\u00f3n carcelaria en las comisar\u00edas, que aparentemente son c\u00e1rceles. Tiene que ser discutido el tema de fondo\u201d, indic\u00f3.<\/p>\n\n\n\n<p>\u201cDesde hace a\u00f1os solamente se discute agravar penas, y cada vez que pasa un hecho conmocionante, que los hay muy a menudo, la soluci\u00f3n es agravar penas\u201d, precis\u00f3, y cerr\u00f3: \u201cQuieren bajar la edad de imputabilidad. Se aprueba en la legislatura, se aprob\u00f3 en el Congreso Nacional, la reiterancia. Todas cosas que cada vez hacen que haya m\u00e1s personas desligadas. Eso no ha mejorado la seguridad para nada\u201d.<\/p>\n","protected":false},"excerpt":{"rendered":"<p>El legislador porte&ntilde;o del Frente de Izquierda Gabriel Solano arremeti&oacute; contra la ministra de Capital Humano, Sandra Pettovello, al acusarla de ser &ldquo;indigna para el pa&iacute;s y para el pueblo&rdquo;, y criticar fuertemente las pol&iacute;ticas sociales de la cartera nacional. &ldquo;La verdad es que tenemos una ministra que es indigna para nuestro pa&iacute;s y nuestro [&hellip;]<\/p>\n","protected":false},"author":2,"featured_media":11903,"comment_status":"open","ping_status":"open","sticky":false,"template":"","format":"standard","meta":{"footnotes":""},"categories":[5,176],"tags":[895,1461,5219,1114,1294,2760,4669],"class_list":["post-11902","post","type-post","status-publish","format-standard","has-post-thumbnail","hentry","category-nacionales","category-politica","tag-capital-humano","tag-criticas","tag-gabriel-solano","tag-jorge-macri","tag-paso","tag-sandra-pettovello","tag-waldo-wolff"],"_links":{"self":[{"href":"https:\/\/partediario.com.ar\/index.php?rest_route=\/wp\/v2\/posts\/11902","targetHints":{"allow":["GET"]}}],"collection":[{"href":"https:\/\/partediario.com.ar\/index.php?rest_route=\/wp\/v2\/posts"}],"about":[{"href":"https:\/\/partediario.com.ar\/index.php?rest_route=\/wp\/v2\/types\/post"}],"author":[{"embeddable":true,"href":"https:\/\/partediario.com.ar\/index.php?rest_route=\/wp\/v2\/users\/2"}],"replies":[{"embeddable":true,"href":"https:\/\/partediario.com.ar\/index.php?rest_route=%2Fwp%2Fv2%2Fcomments&post=11902"}],"version-history":[{"count":1,"href":"https:\/\/partediario.com.ar\/index.php?rest_route=\/wp\/v2\/posts\/11902\/revisions"}],"predecessor-version":[{"id":11904,"href":"https:\/\/partediario.com.ar\/index.php?rest_route=\/wp\/v2\/posts\/11902\/revisions\/11904"}],"wp:featuredmedia":[{"embeddable":true,"href":"https:\/\/partediario.com.ar\/index.php?rest_route=\/wp\/v2\/media\/11903"}],"wp:attachment":[{"href":"https:\/\/partediario.com.ar\/index.php?rest_route=%2Fwp%2Fv2%2Fmedia&parent=11902"}],"wp:term":[{"taxonomy":"category","embeddable":true,"href":"https:\/\/partediario.com.ar\/index.php?rest_route=%2Fwp%2Fv2%2Fcategories&post=11902"},{"taxonomy":"post_tag","embeddable":true,"href":"https:\/\/partediario.com.ar\/index.php?rest_route=%2Fwp%2Fv2%2Ftags&post=11902"}],"curies":[{"name":"wp","href":"https:\/\/api.w.org\/{rel}","templated":true}]}}