{"id":11917,"date":"2025-03-04T17:27:25","date_gmt":"2025-03-04T20:27:25","guid":{"rendered":"https:\/\/partediario.com.ar\/?p=11917"},"modified":"2025-03-05T10:05:41","modified_gmt":"2025-03-05T13:05:41","slug":"desaparicion-lian-realizan-excavaciones-en-el-patio-de-la-casa-de-un-testigo","status":"publish","type":"post","link":"https:\/\/partediario.com.ar\/?p=11917","title":{"rendered":"Desaparici\u00f3n Lian: realizan excavaciones en el patio de la casa de un testigo"},"content":{"rendered":"\n<h2 class=\"wp-block-heading\">En el patio de la casa de un testigo clave por la desaparici\u00f3n de Lian Flores en la provincia de C\u00f3rdoba se rllevan adelante excavaciones con la idea de \u201cagotar todas las posibilidades\u201d, para tratar de encontrar al ni\u00f1o tras m\u00e1s de 10 d\u00edas de b\u00fasqueda.<\/h2>\n\n\n\n<p>Es en la casa de Marcelino donde se realizan las excavaciones. El hombre es quien aport\u00f3 el dato de la camioneta blanca con vidrios polarizados el d\u00eda en el que el peque\u00f1o desapareci\u00f3.<\/p>\n\n\n\n<p>Mar\u00eda Virginia Miguel Carmona, la fiscal federal de Bell Ville, confirm\u00f3 la medida que comenz\u00f3 este martes al mediod\u00eda y se\u00f1al\u00f3: \u00abEstamos agotando todas las posibilidades para encontrar a Lian\u00bb.<\/p>\n\n\n\n<p>\u201cEsta es una medida que hemos decidido ayer, en Fiscal\u00eda Federal. Con el an\u00e1lisis global de la prueba recabada hasta ahora, entendemos que lo \u00fanico que faltar\u00eda en el predio es remover esos mont\u00edculos\u201d, agreg\u00f3 Carmona.<\/p>\n\n\n\n<p>En este sentido, subray\u00f3 que se trata de un predio de 18 hect\u00e1reas donde hay varios mont\u00edculos de tierra y hornos de ladrillos.<\/p>\n\n\n\n<p>\u201cEl s\u00e1bado trabajamos hasta las 13:30, despu\u00e9s fuimos hasta nuestro ranchito a descansar. Cuando est\u00e1bamos descansando, pas\u00f3 una chata blanca, pero no puedo decir qu\u00e9 modelo era ni su patente. Pudo haber sido entre las 13:50 y las 14:10; m\u00e1s o menos imagino que fue en esa hora que la chata entr\u00f3 y sali\u00f3\u201d, hab\u00eda comentado Marcelino en declaraciones a diversos medios.<\/p>\n\n\n\n<p>Por el momento no dieron a conocer cu\u00e1l es la principal hip\u00f3tesis que manejan, debido a que la causa est\u00e1 bajo secreto de sumario. Sin embargo, la incorporaci\u00f3n de fiscales de la PROTEX incrementa la posibilidad de una conjetura ligada a la trata de personas.<\/p>\n\n\n\n<p>\u201cSi exponemos nuestras hip\u00f3tesis a la prensa y si hay alguien que est\u00e1 cometiendo el delito en estos momentos, lo va a saber, lo alertar\u00edamos de esa manera, y nosotros no podemos poner en riesgo esta investigaci\u00f3n. Esa es la explicaci\u00f3n de por qu\u00e9 no se da la informaci\u00f3n\u201d, precis\u00f3.<\/p>\n\n\n\n<p>Finalizando, y no un dato menor, es que se eval\u00faa un secuestro extorsivo y que la respuesta la tendr\u00edan dentro de unos d\u00edas.<\/p>\n\n\n\n<p><\/p>\n\n\n\n<figure class=\"wp-block-image size-full\"><img loading=\"lazy\" decoding=\"async\" width=\"576\" height=\"720\" src=\"https:\/\/partediario.com.ar\/wp-content\/uploads\/Alerta-Sofia.webp\" alt=\"\" class=\"wp-image-11918\" srcset=\"https:\/\/partediario.com.ar\/wp-content\/uploads\/Alerta-Sofia.webp 576w, https:\/\/partediario.com.ar\/wp-content\/uploads\/Alerta-Sofia-240x300.webp 240w\" sizes=\"auto, (max-width: 576px) 100vw, 576px\" \/><\/figure>\n\n\n\n<p><\/p>\n\n\n\n<p><\/p>\n\n\n\n<p><\/p>\n","protected":false},"excerpt":{"rendered":"<p>En el patio de la casa de un testigo clave por la desaparici&oacute;n de Lian Flores en la provincia de C&oacute;rdoba se rllevan adelante excavaciones con la idea de &ldquo;agotar todas las posibilidades&rdquo;, para tratar de encontrar al ni&ntilde;o tras m&aacute;s de 10 d&iacute;as de b&uacute;squeda. Es en la casa de Marcelino donde se realizan [&hellip;]<\/p>\n","protected":false},"author":2,"featured_media":11708,"comment_status":"open","ping_status":"open","sticky":false,"template":"","format":"standard","meta":{"footnotes":""},"categories":[979,5,7],"tags":[449,303,5540,5525],"class_list":["post-11917","post","type-post","status-publish","format-standard","has-post-thumbnail","hentry","category-judiciales","category-nacionales","category-policiales","tag-busqueda","tag-cordoba","tag-excavaciones","tag-lian-flores"],"_links":{"self":[{"href":"https:\/\/partediario.com.ar\/index.php?rest_route=\/wp\/v2\/posts\/11917","targetHints":{"allow":["GET"]}}],"collection":[{"href":"https:\/\/partediario.com.ar\/index.php?rest_route=\/wp\/v2\/posts"}],"about":[{"href":"https:\/\/partediario.com.ar\/index.php?rest_route=\/wp\/v2\/types\/post"}],"author":[{"embeddable":true,"href":"https:\/\/partediario.com.ar\/index.php?rest_route=\/wp\/v2\/users\/2"}],"replies":[{"embeddable":true,"href":"https:\/\/partediario.com.ar\/index.php?rest_route=%2Fwp%2Fv2%2Fcomments&post=11917"}],"version-history":[{"count":1,"href":"https:\/\/partediario.com.ar\/index.php?rest_route=\/wp\/v2\/posts\/11917\/revisions"}],"predecessor-version":[{"id":11919,"href":"https:\/\/partediario.com.ar\/index.php?rest_route=\/wp\/v2\/posts\/11917\/revisions\/11919"}],"wp:featuredmedia":[{"embeddable":true,"href":"https:\/\/partediario.com.ar\/index.php?rest_route=\/wp\/v2\/media\/11708"}],"wp:attachment":[{"href":"https:\/\/partediario.com.ar\/index.php?rest_route=%2Fwp%2Fv2%2Fmedia&parent=11917"}],"wp:term":[{"taxonomy":"category","embeddable":true,"href":"https:\/\/partediario.com.ar\/index.php?rest_route=%2Fwp%2Fv2%2Fcategories&post=11917"},{"taxonomy":"post_tag","embeddable":true,"href":"https:\/\/partediario.com.ar\/index.php?rest_route=%2Fwp%2Fv2%2Ftags&post=11917"}],"curies":[{"name":"wp","href":"https:\/\/api.w.org\/{rel}","templated":true}]}}