{"id":11930,"date":"2025-03-05T09:51:07","date_gmt":"2025-03-05T12:51:07","guid":{"rendered":"https:\/\/partediario.com.ar\/?p=11930"},"modified":"2025-03-07T17:19:43","modified_gmt":"2025-03-07T20:19:43","slug":"hoy-comienzan-las-comienzan-las-clases-en-varias-provincias","status":"publish","type":"post","link":"https:\/\/partediario.com.ar\/?p=11930","title":{"rendered":"Hoy comienzan las comienzan las clases en varias provincias"},"content":{"rendered":"\n<h2 class=\"wp-block-heading\">Este mi\u00e9rcoles 5 de marzo marca el inicio del ciclo lectivo en varias provincias de Argentina que hab\u00edan postergado el regreso a las aulas debido al feriado de Carnaval. Seg\u00fan el Consejo Federal de Educaci\u00f3n (CFE), el calendario escolar 2025 establece un m\u00ednimo de 190 d\u00edas de clases, aunque su inicio var\u00eda en cada distrito.<\/h2>\n\n\n\n<p class=\"has-medium-font-size\"><strong>Las provincias que hoy comienzan formalmente el ciclo lectivo son:<\/strong><\/p>\n\n\n\n<ul class=\"wp-block-list\">\n<li>Provincia de Buenos Aires<\/li>\n\n\n\n<li>Catamarca<\/li>\n\n\n\n<li>La Rioja<\/li>\n\n\n\n<li>Misiones<\/li>\n\n\n\n<li>R\u00edo Negro<\/li>\n\n\n\n<li>Santiago del Estero<\/li>\n\n\n\n<li>Tierra del Fuego, Ant\u00e1rtida e Islas del Atl\u00e1ntico Sur<\/li>\n\n\n\n<li>Tucum\u00e1n<\/li>\n<\/ul>\n\n\n\n<p class=\"has-medium-font-size\"><strong>Un calendario escolar con diferencias entre provincias<\/strong><\/p>\n\n\n\n<p>Mientras que estos distritos reci\u00e9n comienzan hoy las clases, otras 12 provincias ya comenzaron el ciclo lectivo el pasado 24 de febrero, incluyendo la Ciudad Aut\u00f3noma de Buenos Aires (CABA). Otras jurisdicciones, como Neuqu\u00e9n, Chaco y La Pampa, lo hicieron en los d\u00edas siguientes.<\/p>\n\n\n\n<p>Los estudiantes de Chubut fueron los primeros en volver a las aulas, ya que la provincia adelant\u00f3 el regreso al 27 de enero.<\/p>\n\n\n\n<p class=\"has-medium-font-size\"><strong>Receso invernal y cierre del ciclo lectivo<\/strong><\/p>\n\n\n\n<p>El calendario escolar adem\u00e1s contempla las vacaciones de invierno, que en Buenos Aires, CABA, Chaco y Santiago del Estero ser\u00e1n del 21 de julio al 1 de agosto, mientras que en el resto de las provincias las fechas var\u00edan entre el 7 y el 25 de julio.<\/p>\n\n\n\n<p>Mientras que el cierre del ciclo lectivo 2025 est\u00e1 previsto para mediados o fines de diciembre, dependiendo de la provincia. En Buenos Aires, Misiones y Salta, por ejemplo, las clases concluir\u00e1n el 22 de diciembre, mientras que La Pampa ser\u00e1 la \u00faltima en cerrar el ciclo, el 26 de diciembre.<\/p>\n","protected":false},"excerpt":{"rendered":"<p>Este mi&eacute;rcoles 5 de marzo marca el inicio del ciclo lectivo en varias provincias de Argentina que hab&iacute;an postergado el regreso a las aulas debido al feriado de Carnaval. Seg&uacute;n el Consejo Federal de Educaci&oacute;n (CFE), el calendario escolar 2025 establece un m&iacute;nimo de 190 d&iacute;as de clases, aunque su inicio var&iacute;a en cada distrito. [&hellip;]<\/p>\n","protected":false},"author":2,"featured_media":11931,"comment_status":"open","ping_status":"open","sticky":false,"template":"","format":"standard","meta":{"footnotes":""},"categories":[5,726],"tags":[1911,5545,2817],"class_list":["post-11930","post","type-post","status-publish","format-standard","has-post-thumbnail","hentry","category-nacionales","category-sociedad","tag-clases","tag-comienzan","tag-provincias"],"_links":{"self":[{"href":"https:\/\/partediario.com.ar\/index.php?rest_route=\/wp\/v2\/posts\/11930","targetHints":{"allow":["GET"]}}],"collection":[{"href":"https:\/\/partediario.com.ar\/index.php?rest_route=\/wp\/v2\/posts"}],"about":[{"href":"https:\/\/partediario.com.ar\/index.php?rest_route=\/wp\/v2\/types\/post"}],"author":[{"embeddable":true,"href":"https:\/\/partediario.com.ar\/index.php?rest_route=\/wp\/v2\/users\/2"}],"replies":[{"embeddable":true,"href":"https:\/\/partediario.com.ar\/index.php?rest_route=%2Fwp%2Fv2%2Fcomments&post=11930"}],"version-history":[{"count":1,"href":"https:\/\/partediario.com.ar\/index.php?rest_route=\/wp\/v2\/posts\/11930\/revisions"}],"predecessor-version":[{"id":11932,"href":"https:\/\/partediario.com.ar\/index.php?rest_route=\/wp\/v2\/posts\/11930\/revisions\/11932"}],"wp:featuredmedia":[{"embeddable":true,"href":"https:\/\/partediario.com.ar\/index.php?rest_route=\/wp\/v2\/media\/11931"}],"wp:attachment":[{"href":"https:\/\/partediario.com.ar\/index.php?rest_route=%2Fwp%2Fv2%2Fmedia&parent=11930"}],"wp:term":[{"taxonomy":"category","embeddable":true,"href":"https:\/\/partediario.com.ar\/index.php?rest_route=%2Fwp%2Fv2%2Fcategories&post=11930"},{"taxonomy":"post_tag","embeddable":true,"href":"https:\/\/partediario.com.ar\/index.php?rest_route=%2Fwp%2Fv2%2Ftags&post=11930"}],"curies":[{"name":"wp","href":"https:\/\/api.w.org\/{rel}","templated":true}]}}