{"id":11982,"date":"2025-03-07T17:18:43","date_gmt":"2025-03-07T20:18:43","guid":{"rendered":"https:\/\/partediario.com.ar\/?p=11982"},"modified":"2025-03-08T17:33:28","modified_gmt":"2025-03-08T20:33:28","slug":"mar-del-plata-se-suspenderan-las-clases-por-alerta-de-lluvias","status":"publish","type":"post","link":"https:\/\/partediario.com.ar\/?p=11982","title":{"rendered":"Mar del Plata: se suspender\u00e1n las clases por alerta de lluvias"},"content":{"rendered":"\n<h2 class=\"wp-block-heading\">Se recomienda a los clubes suspender actividades para la tarde-noche.<\/h2>\n\n\n\n<p>La ciudad de Mar del Plata tiene alerta de lluvias y se aguarda que comience por la tarde aproximadamente a las 17. Ante esa situaci\u00f3n, se decidi\u00f3 suspender las clases.<\/p>\n\n\n\n<p>Rodrigo Gon\u00e7alves, secretario de Seguridad del Municipio, confirm\u00f3 la suspensi\u00f3n de clases para el turno tarde-noche; y los eventos masivos.<\/p>\n\n\n\n<p>Se recomienda a los clubes suspender actividades para la tarde-noche.<\/p>\n\n\n\n<p><\/p>\n\n\n\n<figure class=\"wp-block-image size-large\"><img loading=\"lazy\" decoding=\"async\" width=\"1006\" height=\"1024\" src=\"https:\/\/partediario.com.ar\/wp-content\/uploads\/aviso-1006x1024.webp\" alt=\"\" class=\"wp-image-11983\" srcset=\"https:\/\/partediario.com.ar\/wp-content\/uploads\/aviso-1006x1024.webp 1006w, https:\/\/partediario.com.ar\/wp-content\/uploads\/aviso-295x300.webp 295w, https:\/\/partediario.com.ar\/wp-content\/uploads\/aviso-768x782.webp 768w, https:\/\/partediario.com.ar\/wp-content\/uploads\/aviso.webp 1100w\" sizes=\"auto, (max-width: 1006px) 100vw, 1006px\" \/><\/figure>\n\n\n\n<p><\/p>\n\n\n\n<p>Noticia en desarrollo\u2026<\/p>\n","protected":false},"excerpt":{"rendered":"<p>Se recomienda a los clubes suspender actividades para la tarde-noche. La ciudad de Mar del Plata tiene alerta de lluvias y se aguarda que comience por la tarde aproximadamente a las 17. Ante esa situaci&oacute;n, se decidi&oacute; suspender las clases. Rodrigo Gon&ccedil;alves, secretario de Seguridad del Municipio, confirm&oacute; la suspensi&oacute;n de clases para el turno [&hellip;]<\/p>\n","protected":false},"author":2,"featured_media":11984,"comment_status":"open","ping_status":"open","sticky":false,"template":"","format":"standard","meta":{"footnotes":""},"categories":[8,726],"tags":[385,1911,430,3668,730],"class_list":["post-11982","post","type-post","status-publish","format-standard","has-post-thumbnail","hentry","category-provinciales","category-sociedad","tag-alerta","tag-clases","tag-lluvias","tag-mar-del-plata","tag-suspension"],"_links":{"self":[{"href":"https:\/\/partediario.com.ar\/index.php?rest_route=\/wp\/v2\/posts\/11982","targetHints":{"allow":["GET"]}}],"collection":[{"href":"https:\/\/partediario.com.ar\/index.php?rest_route=\/wp\/v2\/posts"}],"about":[{"href":"https:\/\/partediario.com.ar\/index.php?rest_route=\/wp\/v2\/types\/post"}],"author":[{"embeddable":true,"href":"https:\/\/partediario.com.ar\/index.php?rest_route=\/wp\/v2\/users\/2"}],"replies":[{"embeddable":true,"href":"https:\/\/partediario.com.ar\/index.php?rest_route=%2Fwp%2Fv2%2Fcomments&post=11982"}],"version-history":[{"count":1,"href":"https:\/\/partediario.com.ar\/index.php?rest_route=\/wp\/v2\/posts\/11982\/revisions"}],"predecessor-version":[{"id":11985,"href":"https:\/\/partediario.com.ar\/index.php?rest_route=\/wp\/v2\/posts\/11982\/revisions\/11985"}],"wp:featuredmedia":[{"embeddable":true,"href":"https:\/\/partediario.com.ar\/index.php?rest_route=\/wp\/v2\/media\/11984"}],"wp:attachment":[{"href":"https:\/\/partediario.com.ar\/index.php?rest_route=%2Fwp%2Fv2%2Fmedia&parent=11982"}],"wp:term":[{"taxonomy":"category","embeddable":true,"href":"https:\/\/partediario.com.ar\/index.php?rest_route=%2Fwp%2Fv2%2Fcategories&post=11982"},{"taxonomy":"post_tag","embeddable":true,"href":"https:\/\/partediario.com.ar\/index.php?rest_route=%2Fwp%2Fv2%2Ftags&post=11982"}],"curies":[{"name":"wp","href":"https:\/\/api.w.org\/{rel}","templated":true}]}}