{"id":11995,"date":"2025-03-08T17:14:53","date_gmt":"2025-03-08T20:14:53","guid":{"rendered":"https:\/\/partediario.com.ar\/?p=11995"},"modified":"2025-03-09T14:46:26","modified_gmt":"2025-03-09T17:46:26","slug":"temporal-en-bahia-blanca-basicamente-hay-que-reconstruir-una-ciudad-senalo-carlos-bianco","status":"publish","type":"post","link":"https:\/\/partediario.com.ar\/?p=11995","title":{"rendered":"Temporal en Bah\u00eda Blanca: \u00abB\u00e1sicamente, hay que reconstruir una ciudad\u00bb, senal\u00f3 Carlos Bianco"},"content":{"rendered":"\n<h2 class=\"wp-block-heading\">El ministro de Gobierno de la Provincia de Buenos Aires, Carlos Bianco, asegur\u00f3 hoy que Bah\u00eda Blanca debe ser reconstruida luego del fuerte temporal que afect\u00f3 a la ciudad y dej\u00f3 10 muertos y cientos de evacuados.<\/h2>\n\n\n\n<p>\u00abSe est\u00e1 colaborando entre Gobierno nacional y provincial por el temporal de Bah\u00eda Blanca, poniendo a disposici\u00f3n recursos. B\u00e1sicamente hay que reconstruir una ciudad, hay personas que perdieron todo\u00bb, manifest\u00f3 Bianco en declaraciones radiales.<\/p>\n\n\n\n<p>Asimismo, el funcionario del gobernador Axel Kicillof revel\u00f3 que ayer se comunic\u00f3 con el jefe de Gabinete, Guillermo Francos, y le solicit\u00f3 10 mil millones de pesos.<\/p>\n\n\n\n<p>\u00abAl rato me confirm\u00f3 que hab\u00eda hablado con (Luis) Caputo y fue s\u00ed. Todo lo que aporte el gobierno nacional es necesario\u00bb, apunt\u00f3 Bianco.<\/p>\n\n\n\n<p>En la madrugada de este s\u00e1bado, Kicillof se mostr\u00f3 con la ministra de Seguridad, Patricia Bullrich, y el ministro de Defensa, Luis Petri.<\/p>\n\n\n\n<p>Fue a trav\u00e9s de una fotograf\u00eda en la que tambi\u00e9n aparecen el intendente bahiense, Fernando Susbielles, y los ministros de la Provincia Javier Alonso (Seguridad) y Mart\u00edn Marinucci (Transporte).<\/p>\n","protected":false},"excerpt":{"rendered":"<p>El ministro de Gobierno de la Provincia de Buenos Aires, Carlos Bianco, asegur&oacute; hoy que Bah&iacute;a Blanca debe ser reconstruida luego del fuerte temporal que afect&oacute; a la ciudad y dej&oacute; 10 muertos y cientos de evacuados. &laquo;Se est&aacute; colaborando entre Gobierno nacional y provincial por el temporal de Bah&iacute;a Blanca, poniendo a disposici&oacute;n recursos. [&hellip;]<\/p>\n","protected":false},"author":2,"featured_media":11996,"comment_status":"open","ping_status":"open","sticky":false,"template":"","format":"standard","meta":{"footnotes":""},"categories":[5,726],"tags":[3087,3279,502,5586,3673],"class_list":["post-11995","post","type-post","status-publish","format-standard","has-post-thumbnail","hentry","category-nacionales","category-sociedad","tag-bahia-blanca","tag-carlos-bianco","tag-ciudad","tag-reconstruir","tag-temporal"],"_links":{"self":[{"href":"https:\/\/partediario.com.ar\/index.php?rest_route=\/wp\/v2\/posts\/11995","targetHints":{"allow":["GET"]}}],"collection":[{"href":"https:\/\/partediario.com.ar\/index.php?rest_route=\/wp\/v2\/posts"}],"about":[{"href":"https:\/\/partediario.com.ar\/index.php?rest_route=\/wp\/v2\/types\/post"}],"author":[{"embeddable":true,"href":"https:\/\/partediario.com.ar\/index.php?rest_route=\/wp\/v2\/users\/2"}],"replies":[{"embeddable":true,"href":"https:\/\/partediario.com.ar\/index.php?rest_route=%2Fwp%2Fv2%2Fcomments&post=11995"}],"version-history":[{"count":1,"href":"https:\/\/partediario.com.ar\/index.php?rest_route=\/wp\/v2\/posts\/11995\/revisions"}],"predecessor-version":[{"id":11997,"href":"https:\/\/partediario.com.ar\/index.php?rest_route=\/wp\/v2\/posts\/11995\/revisions\/11997"}],"wp:featuredmedia":[{"embeddable":true,"href":"https:\/\/partediario.com.ar\/index.php?rest_route=\/wp\/v2\/media\/11996"}],"wp:attachment":[{"href":"https:\/\/partediario.com.ar\/index.php?rest_route=%2Fwp%2Fv2%2Fmedia&parent=11995"}],"wp:term":[{"taxonomy":"category","embeddable":true,"href":"https:\/\/partediario.com.ar\/index.php?rest_route=%2Fwp%2Fv2%2Fcategories&post=11995"},{"taxonomy":"post_tag","embeddable":true,"href":"https:\/\/partediario.com.ar\/index.php?rest_route=%2Fwp%2Fv2%2Ftags&post=11995"}],"curies":[{"name":"wp","href":"https:\/\/api.w.org\/{rel}","templated":true}]}}