{"id":12012,"date":"2025-03-09T14:23:29","date_gmt":"2025-03-09T17:23:29","guid":{"rendered":"https:\/\/partediario.com.ar\/?p=12012"},"modified":"2025-03-10T18:16:18","modified_gmt":"2025-03-10T21:16:18","slug":"oliveto-cruzo-a-los-libertarios-de-votar-todo-con-el-kirchnerismo-en-la-legislatura-portena","status":"publish","type":"post","link":"https:\/\/partediario.com.ar\/?p=12012","title":{"rendered":"Oliveto cruz\u00f3 a los libertarios de \u00abvotar todo con el kirchnerismo\u00bb en la Legislatura porte\u00f1a"},"content":{"rendered":"\n<h2 class=\"wp-block-heading\">La diputada de la Coalici\u00f3n C\u00edvica Paula Oliveto detect\u00f3 \u201ctensi\u00f3n\u201d entre el PRO, y La Libertad Avanza sumido en su propia interna, y apunt\u00f3 al espacio que responde al presidente Javier Milei de \u201cvotar todo con el kirchnerismo\u201d en la Legislatura porte\u00f1a.<\/h2>\n\n\n\n<p>\u201cEn la legislatura, la Libertad de Avanza, vota todo con el kirchnerismo, y eso no se dice. Nosotros vamos a hacer lo que siempre hicimos: a acompa\u00f1ar lo que est\u00e1 bien y poner l\u00edmites a lo que est\u00e1 mal, pero no nos pidan que nos metamos en la interna del PRO\u201d, expres\u00f3 en declaraciones radiales.<\/p>\n\n\n\n<p>Asimismo, se\u00f1al\u00f3: \u201cEso lo tiene que solucionar el PRO, que en Congreso Nacional es oficialismo, vota exactamente todo, incluso cosas que no tendr\u00edan que haber votado porque no estaba en nuestra plataforma, y en la legislatura, la Libertad de Avanza le vota todo en contra a Jorge Macri\u201d.<\/p>\n\n\n\n<p>\u201cAh\u00ed hay una interna, hay una tensi\u00f3n. Adem\u00e1s se le rompi\u00f3 el bloque que fue con Patricia (Bullrich), \u00bfpor qu\u00e9 nos vamos a meter nosotros? El que tiene que dar esas explicaciones es el l\u00edder, que es el conductor, que es Jorge Macri\u201d, indic\u00f3 la diputada.<\/p>\n\n\n\n<p>La legisladora acus\u00f3 al jefe de Gobierno de la Ciudad de Buenos Aires de utilizar a los porte\u00f1os para \u201cdespu\u00e9s tener votitos\u00bb como prenda de negociaci\u00f3n con el partido que fund\u00f3 Milei. \u00abEso no se hace\u00bb, dispar\u00f3.<\/p>\n\n\n\n<p>El pasado jueves, Oliveto anunci\u00f3 que ser\u00e1 candidata al igual que Elisa \u201cLilita\u201d Carri\u00f3 para las pr\u00f3ximas elecciones legislativas, y encabezar\u00e1 la lista a la Legislatura porte\u00f1a. \u201cQueremos una propuesta n\u00edtida, que exprese a los vecinos de la ciudad de Buenos Aires, que se les de la posibilidad de ocupar esas bancas\u201d, fundament\u00f3.<\/p>\n\n\n\n<p>\u201cEl oficialismo se dividi\u00f3 en tres: vas a tener a la gente de Patricia, que ya rompi\u00f3, jugando para LLA, a Horacio con la suya, y a Jorge y a Mauricio con la suya. \u00bfY los ciudadanos qu\u00e9? Los voy a representar yo, con propuestas concretas. No est\u00e1 bueno usar una elecci\u00f3n para ver c\u00f3mo te posicionas despu\u00e9s\u201d, remarc\u00f3.<\/p>\n\n\n\n<p>Y realiz\u00f3 un llamado a la oposici\u00f3n para hacer frente en distritos ocupados \u201cpor el cacique provincial\u201d, y ejemplific\u00f3 con Formosa, Santiago del Estero, La Rioja y la provincia de Buenos Aires, donde competir\u00e1 Carri\u00f3.<\/p>\n\n\n\n<p>En otro momento de la entrevista, critic\u00f3 el episodio entre el diputado radical Facundo Manes y el asesor presidencial, Santiago Caputo, y si bien detect\u00f3 similitudes entre La C\u00e1mpora y la juventud libertaria, aclar\u00f3 que el presidente Javier Milei es diferente al exmandatario N\u00e9stor Kirchner.<\/p>\n\n\n\n<p>\u201cTerminar un discurso en la Asamblea Legislativa con un eslogan pol\u00edtico como \u00a1Viva la libertad, carajo! Es como cuando escuch\u00e1bamos cantar los chicos de La C\u00e1mpora, cuando los kirchneristas dec\u00edan \u00a1Viva Per\u00f3n! o \u00a1Viva N\u00e9stor! Eso no corresponde en un acto institucional\u201d, destac\u00f3, y acot\u00f3: \u201cHay que tener gesto de civilidad y si te equivocaste, pedir perd\u00f3n. Ni exagerar con una denuncia penal, ni exagerar con ponerte en la cara para insultar a un opositor\u201d.<\/p>\n\n\n\n<p>Rechaz\u00f3 adem\u00e1s las cr\u00edticas de los sectores que acusan a la Coalici\u00f3n C\u00edvica de votar junto al peronismo, y propuso investigar el origen de los legisladores libertarios. \u201cA m\u00ed me dicen que votamos junto con los kirchneristas\u2026 no me cuadra cuando en el gobierno est\u00e1 Scioli, vicepresidente N\u00e9stor, gobernador de la provincia de Buenos Aires, en el momento de mayor decrepitud\u201d, critic\u00f3.<\/p>\n\n\n\n<p>\u201c\u00bfD\u00f3nde estaban los diputados que ahora son libertarios? Muchos en el Massismo. As\u00ed que a m\u00ed ese sayo no me lo pone nadie porque nunca estuve ah\u00ed\u201d, finaliz\u00f3.<\/p>\n","protected":false},"excerpt":{"rendered":"<p>La diputada de la Coalici&oacute;n C&iacute;vica Paula Oliveto detect&oacute; &ldquo;tensi&oacute;n&rdquo; entre el PRO, y La Libertad Avanza sumido en su propia interna, y apunt&oacute; al espacio que responde al presidente Javier Milei de &ldquo;votar todo con el kirchnerismo&rdquo; en la Legislatura porte&ntilde;a. &ldquo;En la legislatura, la Libertad de Avanza, vota todo con el kirchnerismo, y [&hellip;]<\/p>\n","protected":false},"author":2,"featured_media":12013,"comment_status":"open","ping_status":"open","sticky":false,"template":"","format":"standard","meta":{"footnotes":""},"categories":[5,176],"tags":[1591,3622,232,1114,2440,390,266,5593,391],"class_list":["post-12012","post","type-post","status-publish","format-standard","has-post-thumbnail","hentry","category-nacionales","category-politica","tag-coalicion-civica","tag-elisa-carrio","tag-javier-milei","tag-jorge-macri","tag-kirchnerismo","tag-legislatura","tag-libertad-avanza","tag-paula-oliveto","tag-portena"],"_links":{"self":[{"href":"https:\/\/partediario.com.ar\/index.php?rest_route=\/wp\/v2\/posts\/12012","targetHints":{"allow":["GET"]}}],"collection":[{"href":"https:\/\/partediario.com.ar\/index.php?rest_route=\/wp\/v2\/posts"}],"about":[{"href":"https:\/\/partediario.com.ar\/index.php?rest_route=\/wp\/v2\/types\/post"}],"author":[{"embeddable":true,"href":"https:\/\/partediario.com.ar\/index.php?rest_route=\/wp\/v2\/users\/2"}],"replies":[{"embeddable":true,"href":"https:\/\/partediario.com.ar\/index.php?rest_route=%2Fwp%2Fv2%2Fcomments&post=12012"}],"version-history":[{"count":1,"href":"https:\/\/partediario.com.ar\/index.php?rest_route=\/wp\/v2\/posts\/12012\/revisions"}],"predecessor-version":[{"id":12014,"href":"https:\/\/partediario.com.ar\/index.php?rest_route=\/wp\/v2\/posts\/12012\/revisions\/12014"}],"wp:featuredmedia":[{"embeddable":true,"href":"https:\/\/partediario.com.ar\/index.php?rest_route=\/wp\/v2\/media\/12013"}],"wp:attachment":[{"href":"https:\/\/partediario.com.ar\/index.php?rest_route=%2Fwp%2Fv2%2Fmedia&parent=12012"}],"wp:term":[{"taxonomy":"category","embeddable":true,"href":"https:\/\/partediario.com.ar\/index.php?rest_route=%2Fwp%2Fv2%2Fcategories&post=12012"},{"taxonomy":"post_tag","embeddable":true,"href":"https:\/\/partediario.com.ar\/index.php?rest_route=%2Fwp%2Fv2%2Ftags&post=12012"}],"curies":[{"name":"wp","href":"https:\/\/api.w.org\/{rel}","templated":true}]}}