{"id":12015,"date":"2025-03-09T14:29:46","date_gmt":"2025-03-09T17:29:46","guid":{"rendered":"https:\/\/partediario.com.ar\/?p=12015"},"modified":"2025-03-10T18:16:14","modified_gmt":"2025-03-10T21:16:14","slug":"cristina-kirchner-critico-a-javier-milei-por-acudir-al-fmi-tiras-la-toalla-igual-que-mauricio-macri-dijo","status":"publish","type":"post","link":"https:\/\/partediario.com.ar\/?p=12015","title":{"rendered":"Cristina Kirchner critic\u00f3 a Javier Milei por acudir al FMI: \u00abTir\u00e1s la toalla, igual que Mauricio Macri\u00bb, dijo"},"content":{"rendered":"\n<h2 class=\"wp-block-heading\">Lsa ex mandataria apunt\u00f3 contra el presidente Javier Milei por su decisi\u00f3n de buscar financiamiento del Fondo Monetario Internacional (FMI). A trav\u00e9s de un extenso mensaje en redes sociales, la exmandataria acus\u00f3 al Gobierno de \u00abhacer lo mismo que Macri\u00bb y cambiar \u00abuna deuda barata y controlable por otra m\u00e1s cara\u00bb, con mayores condicionamientos.<\/h2>\n\n\n\n<p>\u00abTe fall\u00f3 el experimento de la Escuela Austr\u00edaca, est\u00e1s con el agua al cuello porque te faltan d\u00f3lares y tir\u00e1s la toalla pidi\u00e9ndole un pr\u00e9stamo al FMI\u00bb, poste\u00f3 la exvicepresidenta, en referencia a la estrategia econ\u00f3mica del oficialismo.<\/p>\n\n\n\n<p><\/p>\n\n\n\n<blockquote class=\"twitter-tweet\"><p lang=\"es\" dir=\"ltr\">Che Milei! AL FINAL TERMINASTE HACIENDO LO MISMO QUE MACRI.<br><br>Te fall\u00f3 el experimento de la Escuela Austr\u00edaca, est\u00e1s con el agua al cuello porque te faltan d\u00f3lares y TIR\u00c1S LA TOALLA PIDI\u00c9NDOLE UN PR\u00c9STAMO AL FMI.<br><br>Acabo de leer la nota que publicaste ayer en La Naci\u00f3n donde quer\u00e9s\u2026<\/p>&mdash; Cristina Kirchner (@CFKArgentina) <a href=\"https:\/\/twitter.com\/CFKArgentina\/status\/1898705394190459244?ref_src=twsrc%5Etfw\">March 9, 2025<\/a><\/blockquote> <script async src=\"https:\/\/platform.twitter.com\/widgets.js\" charset=\"utf-8\"><\/script>\n\n\n\n<p><\/p>\n\n\n\n<p>La titular del Partido Justicialisse hizo referencia a la nota que Milei public\u00f3 en un conocido diario nacional, donde explic\u00f3 la intenci\u00f3n de obtener un cr\u00e9dito para cancelar las Letras Intransferibles que el Tesoro le debe al Banco Central. En este sentido, Kirchner critic\u00f3 el planteo del mandatario y lo compar\u00f3 con la pol\u00edtica de endeudamiento de Mauricio Macri, quien tom\u00f3 un cr\u00e9dito de 57 mil millones de d\u00f3lares con el organismo.<\/p>\n\n\n\n<p>\u00abNos est\u00e1s diciendo que te van a dar miles de millones de d\u00f3lares y que no va a aumentar la deuda externa argentina? \u00a1Dale! Lo mismo que hizo Macri cuando dijo que se endeudaba en d\u00f3lares para pagar el d\u00e9ficit en pesos\u00bb, dispar\u00f3.<\/p>\n\n\n\n<p class=\"has-medium-font-size\"><strong>Duras cr\u00edticas a la pol\u00edtica cambiaria de Milei<\/strong><\/p>\n\n\n\n<p>La expresidenta apunt\u00f3 adem\u00e1s contra la gesti\u00f3n del tipo de cambio, al asegurar que el Gobierno sostiene la inflaci\u00f3n a costa de intervenir en los mercados financieros. \u00abHace rato te diste cuenta de que el verso que siempre recit\u00e1s, &#8216;la inflaci\u00f3n es siempre un fen\u00f3meno monetario&#8217;, es falso. La \u00fanica receta que aplic\u00e1s contra la inflaci\u00f3n es tener pisado el precio del d\u00f3lar oficial y rifar miles de millones de d\u00f3lares para contener la brecha cambiaria\u00bb, destac\u00f3.<\/p>\n\n\n\n<p>Y lanz\u00f3 un interrogante sobre las condiciones que podr\u00eda imponer el FMI en caso de conceder el pr\u00e9stamo: \u00ab\u00bfQu\u00e9 te va a exigir con el tipo de cambio? \u00bfDevaluaci\u00f3n antes o despu\u00e9s de las elecciones?\u00bb.<\/p>\n\n\n\n<p>Kirchner finaliz\u00f3 su mensaje con una referencia al pago de la deuda durante los gobiernos del Frente para la Victoria, y afirm\u00f3 que N\u00e9stor Kirchner cancel\u00f3 el total de la deuda con el FMI en 2005 sin endeudarse y con super\u00e1vit fiscal. \u00abTe guste o no, con la gente adentro, desendeudamos a la Argentina como nadie\u00bb, cerr\u00f3.<\/p>\n","protected":false},"excerpt":{"rendered":"<p>Lsa ex mandataria apunt&oacute; contra el presidente Javier Milei por su decisi&oacute;n de buscar financiamiento del Fondo Monetario Internacional (FMI). A trav&eacute;s de un extenso mensaje en redes sociales, la exmandataria acus&oacute; al Gobierno de &laquo;hacer lo mismo que Macri&raquo; y cambiar &laquo;una deuda barata y controlable por otra m&aacute;s cara&raquo;, con mayores condicionamientos. &laquo;Te [&hellip;]<\/p>\n","protected":false},"author":2,"featured_media":12016,"comment_status":"open","ping_status":"open","sticky":false,"template":"","format":"standard","meta":{"footnotes":""},"categories":[5,176],"tags":[518,1461,5594,626,232],"class_list":["post-12015","post","type-post","status-publish","format-standard","has-post-thumbnail","hentry","category-nacionales","category-politica","tag-cristina-kirchner","tag-criticas","tag-escuela-austriaca","tag-fmi","tag-javier-milei"],"_links":{"self":[{"href":"https:\/\/partediario.com.ar\/index.php?rest_route=\/wp\/v2\/posts\/12015","targetHints":{"allow":["GET"]}}],"collection":[{"href":"https:\/\/partediario.com.ar\/index.php?rest_route=\/wp\/v2\/posts"}],"about":[{"href":"https:\/\/partediario.com.ar\/index.php?rest_route=\/wp\/v2\/types\/post"}],"author":[{"embeddable":true,"href":"https:\/\/partediario.com.ar\/index.php?rest_route=\/wp\/v2\/users\/2"}],"replies":[{"embeddable":true,"href":"https:\/\/partediario.com.ar\/index.php?rest_route=%2Fwp%2Fv2%2Fcomments&post=12015"}],"version-history":[{"count":1,"href":"https:\/\/partediario.com.ar\/index.php?rest_route=\/wp\/v2\/posts\/12015\/revisions"}],"predecessor-version":[{"id":12017,"href":"https:\/\/partediario.com.ar\/index.php?rest_route=\/wp\/v2\/posts\/12015\/revisions\/12017"}],"wp:featuredmedia":[{"embeddable":true,"href":"https:\/\/partediario.com.ar\/index.php?rest_route=\/wp\/v2\/media\/12016"}],"wp:attachment":[{"href":"https:\/\/partediario.com.ar\/index.php?rest_route=%2Fwp%2Fv2%2Fmedia&parent=12015"}],"wp:term":[{"taxonomy":"category","embeddable":true,"href":"https:\/\/partediario.com.ar\/index.php?rest_route=%2Fwp%2Fv2%2Fcategories&post=12015"},{"taxonomy":"post_tag","embeddable":true,"href":"https:\/\/partediario.com.ar\/index.php?rest_route=%2Fwp%2Fv2%2Ftags&post=12015"}],"curies":[{"name":"wp","href":"https:\/\/api.w.org\/{rel}","templated":true}]}}