{"id":12021,"date":"2025-03-09T14:44:14","date_gmt":"2025-03-09T17:44:14","guid":{"rendered":"https:\/\/partediario.com.ar\/?p=12021"},"modified":"2025-03-10T18:16:07","modified_gmt":"2025-03-10T21:16:07","slug":"el-intendente-de-bahia-blanca-anuncio-que-decreto-72-horas-de-duelo-por-las-victimas-del-temporal","status":"publish","type":"post","link":"https:\/\/partediario.com.ar\/?p=12021","title":{"rendered":"El intendente de Bah\u00eda Blanca anunci\u00f3 que decret\u00f3 72 horas de duelo por las v\u00edctimas del temporal"},"content":{"rendered":"\n<h2 class=\"wp-block-heading\">Visiblemente conmovido, el intendente de Bah\u00eda Blanca, Federico Susbielles, confirm\u00f3 este domingo que ya son 16 los muertos por el temporal de lluvia y viento que azot\u00f3 a ese municipio y decret\u00f3 72 horas de duelo.<\/h2>\n\n\n\n<p>\u00abLo primero que quiero hacer es expresar el acompa\u00f1amiento, las condolencias en este momento de tanto dolor. Para nosotros, los bahienses, acompa\u00f1ar a las familias, a sus v\u00edctimas, he decretado el estado de duelo por 72 horas\u00bb, se\u00f1al\u00f3.<\/p>\n\n\n\n<p>El intendente indic\u00f3 adem\u00e1s que \u00abcayeron 400 mil\u00edmetros de agua, casi lo que llueve en un a\u00f1o en Bah\u00eda Blanca\u00bb.<\/p>\n\n\n\n<p>\u00abEl Servicio Meteorol\u00f3gico Nacional (SMN) decret\u00f3 un alerta naranja y fuimos conscientes del pron\u00f3stico por lluvias en la regi\u00f3n. Comunicamos que se suspendan clases el d\u00eda posterior, lo que aval\u00f3 el Ministerio de Educaci\u00f3n de la Provincia. Fue una tormenta violenta. da\u00f1os viales muy importantes. Los puentes mas importante se han destruido\u00bb, destac\u00f3 Susbielles en conferencia de prensa.<\/p>\n\n\n\n<p>Adem\u00e1s, se\u00f1al\u00f3 que tienen \u00abel 55 por ciento de la energ\u00eda el\u00e9ctrica y se est\u00e1 haciendo un esfuerzo importante con 400 operarios trabajando en la calle\u00bb.<\/p>\n\n\n\n<p>El jefe comunal agreg\u00f3 que \u201cdesde que se anegaron las calles se dispuso un operativo trabajando casi seis horas en condiciones complejas\u201d.<\/p>\n\n\n\n<p>\u00abA las 10:00 se produjo el desborde del canal Maldonado y del arroyo Napost\u00e1, por lo que se perdi\u00f3 el 70 por ciento de la capacidad operativa\u00bb, precis\u00f3.<\/p>\n\n\n\n<p>\u00abPerdimos ambulancias, patrulleros y camionetas que no pudieron continuar con sus tareas\u00bb, explic\u00f3 el intendente.<\/p>\n\n\n\n<p>Y agreg\u00f3 que establecieron el comit\u00e9 de emergencia en el centro de monitoreo de la ciudad, que tiene m\u00e1s de mil c\u00e1maras y desde all\u00ed iban \u00abviendo por las c\u00e1maras situaciones de emergencia o mayor complejidad\u00bb.<\/p>\n\n\n\n<p>\u00abHasta las 10 pudimos hacer salvatajes pero cuando los canales desbordaron ya se torn\u00f3 imposible. Fueron momentos muy dif\u00edciles, eternos. Llovi\u00f3 hasta las 16. La tormenta nos aisl\u00f3, porque rompi\u00f3 buena parte de los accesos a la ciudad, con lo cual el convoy de la armada argentina tuvo que dar rodeos para llegar a la ciudad. Lo hizo a las 19:30\u00bb, precis\u00f3.<\/p>\n\n\n\n<p>Y acot\u00f3: \u00abLa asistencia del ej\u00e9rcito pudo llegar m\u00e1s r\u00e1pido con camiones y balsas. El Ej\u00e9rcito Argentino evacu\u00f3 la terapia intensiva del Hospital Penna y la neonatolog\u00eda\u00bb.<\/p>\n\n\n\n<p>\u00abCon los lanchones se pudo evacuar el hogar de ancianos. Cuando el convoy de la Armada Argentina lleg\u00f3 se pudo empezar a actuar con los anfibios en las zonas m\u00e1s afectadas. Vivimos situaciones de mucho dramatismo y fueron muchos los fallecidos\u00bb, subray\u00f3.<\/p>\n\n\n\n<p>En relaci\u00f3n a la normalizaci\u00f3n, tras el temporal, Susbielles detall\u00f3: \u00abEn General Cerri el agua ha bajado y se puede acceder v\u00eda terrestre con normalidad, m\u00e1s all\u00e1 de que hay personas con bastante agua en la casa. El lugar m\u00e1s complejo sigue siendo Ingeniero White. El flujo de agua que bajaba era muy lento. Logramos romper la ruta para que pueda bajar m\u00e1s r\u00e1pido\u00bb.<\/p>\n\n\n\n<p>Asegur\u00f3 tambi\u00e9n, que la ciudad sufri\u00f3 da\u00f1os viales muy graves y que gran parte de los puentes se destruyeron: \u00abHa quedado un solo lugar del paso\u00bb.<\/p>\n\n\n\n<p class=\"has-medium-font-size\"><strong>Un alias para donaciones.<\/strong><\/p>\n\n\n\n<p>Bah\u00eda Blanca habilit\u00f3 el alias <strong>BAHIAXBAHIA<\/strong> para hacer donaciones en dinero, con el fin de colaborar con la asistencia social a las familias afectadas por el temporal.<\/p>\n\n\n\n<p>Adem\u00e1s, se dispusieron puntos de recolecci\u00f3n de donaciones: uno en el Dow Center (Rodr\u00edguez 4985), en el Aula Magna de la UNS (Col\u00f3n 80) y en el dep\u00f3sito municipal (Donado 910).<\/p>\n\n\n\n<p>Las autoridades piden la colaboraci\u00f3n ciudadana mediante la donaci\u00f3n de: alimentos no perecederos; productos de limpieza e higiene personal (Lavandina); agua potable envasada; frazadas y abrigos; colchones; ropa de cama y toallas; alimento balanceado.<\/p>\n","protected":false},"excerpt":{"rendered":"<p>Visiblemente conmovido, el intendente de Bah&iacute;a Blanca, Federico Susbielles, confirm&oacute; este domingo que ya son 16 los muertos por el temporal de lluvia y viento que azot&oacute; a ese municipio y decret&oacute; 72 horas de duelo. &laquo;Lo primero que quiero hacer es expresar el acompa&ntilde;amiento, las condolencias en este momento de tanto dolor. Para nosotros, [&hellip;]<\/p>\n","protected":false},"author":2,"featured_media":12022,"comment_status":"open","ping_status":"open","sticky":false,"template":"","format":"standard","meta":{"footnotes":""},"categories":[5,726],"tags":[3087,4057,5596,1415,2303,3673,5597],"class_list":["post-12021","post","type-post","status-publish","format-standard","has-post-thumbnail","hentry","category-nacionales","category-sociedad","tag-bahia-blanca","tag-duelo","tag-federico-susbielles","tag-intendente","tag-lluvia","tag-temporal","tag-viento"],"_links":{"self":[{"href":"https:\/\/partediario.com.ar\/index.php?rest_route=\/wp\/v2\/posts\/12021","targetHints":{"allow":["GET"]}}],"collection":[{"href":"https:\/\/partediario.com.ar\/index.php?rest_route=\/wp\/v2\/posts"}],"about":[{"href":"https:\/\/partediario.com.ar\/index.php?rest_route=\/wp\/v2\/types\/post"}],"author":[{"embeddable":true,"href":"https:\/\/partediario.com.ar\/index.php?rest_route=\/wp\/v2\/users\/2"}],"replies":[{"embeddable":true,"href":"https:\/\/partediario.com.ar\/index.php?rest_route=%2Fwp%2Fv2%2Fcomments&post=12021"}],"version-history":[{"count":1,"href":"https:\/\/partediario.com.ar\/index.php?rest_route=\/wp\/v2\/posts\/12021\/revisions"}],"predecessor-version":[{"id":12023,"href":"https:\/\/partediario.com.ar\/index.php?rest_route=\/wp\/v2\/posts\/12021\/revisions\/12023"}],"wp:featuredmedia":[{"embeddable":true,"href":"https:\/\/partediario.com.ar\/index.php?rest_route=\/wp\/v2\/media\/12022"}],"wp:attachment":[{"href":"https:\/\/partediario.com.ar\/index.php?rest_route=%2Fwp%2Fv2%2Fmedia&parent=12021"}],"wp:term":[{"taxonomy":"category","embeddable":true,"href":"https:\/\/partediario.com.ar\/index.php?rest_route=%2Fwp%2Fv2%2Fcategories&post=12021"},{"taxonomy":"post_tag","embeddable":true,"href":"https:\/\/partediario.com.ar\/index.php?rest_route=%2Fwp%2Fv2%2Ftags&post=12021"}],"curies":[{"name":"wp","href":"https:\/\/api.w.org\/{rel}","templated":true}]}}