{"id":12029,"date":"2025-03-10T17:21:44","date_gmt":"2025-03-10T20:21:44","guid":{"rendered":"https:\/\/partediario.com.ar\/?p=12029"},"modified":"2025-03-11T11:55:12","modified_gmt":"2025-03-11T14:55:12","slug":"victoria-tolosa-paz-senalo-que-diputados-debatira-la-declaracion-de-emergencia-para-bahia-blanca","status":"publish","type":"post","link":"https:\/\/partediario.com.ar\/?p=12029","title":{"rendered":"Victoria Tolosa Paz se\u00f1al\u00f3 que Diputados debatir\u00e1 la declaraci\u00f3n de emergencia para Bah\u00eda Blanca"},"content":{"rendered":"\n<h2 class=\"wp-block-heading\">La diputada, autora del proyecto, destac\u00f3 que abarcar\u00eda a varios distritos vecinos afectados por el temporal del viernes. \u00abHay ausencia del Estado nacional\u00bb, afirm\u00f3.<\/h2>\n\n\n\n<p>La diputada nacional Victoria Tolosa Paz (Uni\u00f3n por la Patria), anticip\u00f3 hoy que le C\u00e1mara baja debatir\u00e1 este mi\u00e9rcoles el proyecto que declara la emergencia en Bah\u00eda Blanca y otros partidos aleda\u00f1os afectados por el violento temporal del viernes pasado, que dej\u00f3 un balance provisorio de 16 muertos, numerosos desaparecidos y cuantiosos da\u00f1os materiales.<\/p>\n\n\n\n<p>\u201cVamos a tratar de votar por unanimidad la declaraci\u00f3n de emergencia para Bah\u00eda Blanca pero tambi\u00e9n para todas las localidades afectadas\u201d, asegur\u00f3 Tolosa Paz en declaraciones radiales.<\/p>\n\n\n\n<p>La legisladora relativiz\u00f3 el anuncio del Ministerio de Econom\u00eda, de enviar ayuda a la zona afectada por unos 10.000 millones de pesos, y lo contrapuso con la primera evaluaci\u00f3n efectuada ayer por el intendente bahiense, Federico Susbielles, quien evalu\u00f3 los da\u00f1os en unos 400.000 millones.<\/p>\n\n\n\n<p>\u201cUno entiende que es un primer env\u00edo de fondos\u201d, indic\u00f3, y subray\u00f3 que no s\u00f3lo se trata de la ayuda a Bah\u00eda Blanca sino a partidos como \u201cDaireaux, Guamin\u00ed, Coronel Su\u00e1rez, Villarino, Pu\u00e1n, Adolfo Alsina, y otros que fueron tambi\u00e9n gravemente afectados y se necesita reconstruir la infraestructura\u201d.<\/p>\n\n\n\n<p>Adem\u00e1s, se\u00f1alo que no le sorprende la ausencia del presidente Javier Milei en la zona del desastre, y record\u00f3 que tras el tornado de diciembre de 2023 el mandatario fue a visitar la zona \u201cdisfrazado\u201d con ropa militar \u201cy en una actitud muy criticada porque les dijo a los bahienses que se iban a tener que arreglar solos\u201d.<\/p>\n\n\n\n<p>\u201cPese a eso nos pusimos de pie con el gobernador (Axel) Kicillof, pero se ve la ausencia del Estado nacional\u201d, asegur\u00f3.<\/p>\n\n\n\n<p>\u201cAh\u00ed vemos que este plan siniestro de destrozar el Estado, desarmar la Direcci\u00f3n Nacional de Emergencias, y todas las estructuras del Estado que nos permit\u00edan acompa\u00f1ar sucesos catastr\u00f3ficos como este, producto del cambio clim\u00e1tico que vive no solo la Argentina sino todo el mundo\u201d, remarc\u00f3.<\/p>\n\n\n\n<p>Tolosa Paz dijo que los argentinos \u201cestamos muy acostumbrados a que con este Gobierno y con esta forma de entender el rol del Estado, no esperamos que esto ocurra, m\u00e1s bien nos sorprendemos de algo que tiene que ser natural como la coordinaci\u00f3n de Javier Alonso, ministro de Seguridad de la provincia y Patricia Bullrich\u201d, ministra de Seguridad Nacional.<\/p>\n\n\n\n<p>M\u00e1s all\u00e1 de la solidaridad de los argentinos, se\u00f1al\u00f3 que \u201chay un rol institucional\u201d, y solicit\u00f3 que todas las fuerzas pol\u00edticas del Congreso acompa\u00f1en la sanci\u00f3n del proyecto para declarar la zona de emergencia y que \u201cel gobierno nacional ponga el dinero\u201d necesario para la reconstrucci\u00f3n de las zonas afectadas.<\/p>\n","protected":false},"excerpt":{"rendered":"<p>La diputada, autora del proyecto, destac&oacute; que abarcar&iacute;a a varios distritos vecinos afectados por el temporal del viernes. &laquo;Hay ausencia del Estado nacional&raquo;, afirm&oacute;. La diputada nacional Victoria Tolosa Paz (Uni&oacute;n por la Patria), anticip&oacute; hoy que le C&aacute;mara baja debatir&aacute; este mi&eacute;rcoles el proyecto que declara la emergencia en Bah&iacute;a Blanca y otros partidos [&hellip;]<\/p>\n","protected":false},"author":2,"featured_media":12030,"comment_status":"open","ping_status":"open","sticky":false,"template":"","format":"standard","meta":{"footnotes":""},"categories":[5,176],"tags":[3087,1059,1020,310,258,232,510,5599],"class_list":["post-12029","post","type-post","status-publish","format-standard","has-post-thumbnail","hentry","category-nacionales","category-politica","tag-bahia-blanca","tag-debate","tag-declaracion","tag-diputados","tag-emergencia","tag-javier-milei","tag-patricia-bullrich","tag-victoria-tolosa-paz"],"_links":{"self":[{"href":"https:\/\/partediario.com.ar\/index.php?rest_route=\/wp\/v2\/posts\/12029","targetHints":{"allow":["GET"]}}],"collection":[{"href":"https:\/\/partediario.com.ar\/index.php?rest_route=\/wp\/v2\/posts"}],"about":[{"href":"https:\/\/partediario.com.ar\/index.php?rest_route=\/wp\/v2\/types\/post"}],"author":[{"embeddable":true,"href":"https:\/\/partediario.com.ar\/index.php?rest_route=\/wp\/v2\/users\/2"}],"replies":[{"embeddable":true,"href":"https:\/\/partediario.com.ar\/index.php?rest_route=%2Fwp%2Fv2%2Fcomments&post=12029"}],"version-history":[{"count":1,"href":"https:\/\/partediario.com.ar\/index.php?rest_route=\/wp\/v2\/posts\/12029\/revisions"}],"predecessor-version":[{"id":12031,"href":"https:\/\/partediario.com.ar\/index.php?rest_route=\/wp\/v2\/posts\/12029\/revisions\/12031"}],"wp:featuredmedia":[{"embeddable":true,"href":"https:\/\/partediario.com.ar\/index.php?rest_route=\/wp\/v2\/media\/12030"}],"wp:attachment":[{"href":"https:\/\/partediario.com.ar\/index.php?rest_route=%2Fwp%2Fv2%2Fmedia&parent=12029"}],"wp:term":[{"taxonomy":"category","embeddable":true,"href":"https:\/\/partediario.com.ar\/index.php?rest_route=%2Fwp%2Fv2%2Fcategories&post=12029"},{"taxonomy":"post_tag","embeddable":true,"href":"https:\/\/partediario.com.ar\/index.php?rest_route=%2Fwp%2Fv2%2Ftags&post=12029"}],"curies":[{"name":"wp","href":"https:\/\/api.w.org\/{rel}","templated":true}]}}