{"id":12038,"date":"2025-03-10T17:42:04","date_gmt":"2025-03-10T20:42:04","guid":{"rendered":"https:\/\/partediario.com.ar\/?p=12038"},"modified":"2025-03-10T17:42:04","modified_gmt":"2025-03-10T20:42:04","slug":"justicia-federal-de-bahia-blanca-suspenden-hasta-el-martes-actividades-tras-el-temporal","status":"publish","type":"post","link":"https:\/\/partediario.com.ar\/?p=12038","title":{"rendered":"Justicia Federal de Bah\u00eda Blanca: suspenden hasta el martes actividades tras el temporal"},"content":{"rendered":"\n<h2 class=\"wp-block-heading\">La C\u00e1mara Federal de Apelaciones de Bah\u00eda Blanca decidi\u00f3 suspender las actividades durante esta jornada y ma\u00f1ana a ra\u00edz de los diversos inconvenientes que se registraron en dependencias debido al impactante temporal que afect\u00f3 el viernes pasado la ciudad de Bah\u00eda Blanca.<\/h2>\n\n\n\n<p>La resoluci\u00f3n fue dictaminada por los camaristas Pablo Candisano Mera y Pablo Larriera tras realizar un an\u00e1lisis de las situaciones de las dependencias vinculadas con la Justicia Federal de esta ciudad.<\/p>\n\n\n\n<p>Fuentes judiciales se\u00f1alaron que en el marco de la resoluci\u00f3n dispuesta se suspenden los t\u00e9rminos procesales y la actividad hasta ma\u00f1ana a ra\u00edz que muchas oficinas por el momento no cuentan con energ\u00eda el\u00e9ctrica, internet, ni agua.<\/p>\n\n\n\n<p>\u00abHay dependencias como el Tribunal Oral en lo Criminal Federal como los dos Juzgados Federales que sufrieron varios problemas como agua en los subsuelos, ascensores y diversos mobiliarios y hasta documentaci\u00f3n afectada por el paso del agua\u00bb, precisaron.<\/p>\n\n\n\n<p>Por su parte, la Corte Suprema de Justicia bonaerense decret\u00f3 a trav\u00e9s de una resoluci\u00f3n asueto para los trabajados con asiento en Bah\u00eda Blanca desde el 10 al 14 de marzo tras el temporal en el que hay cientos de damnificados producto de las inundaciones.<\/p>\n\n\n\n<p>En un comunicado se se\u00f1al\u00f3 que se \u00abfij\u00f3 asueto con suspensi\u00f3n de t\u00e9rminos procesales desde el 10 al 14 de marzo del corriente a\u00f1o para todos los organismos del Departamento Judicial de Bah\u00eda Blanca, sin perjuicio de la validez de los actos cumplidos\u00bb.<\/p>\n\n\n\n<p>\u00abAdicionalmente, pidi\u00f3 que los titulares de organismos jurisdiccionales y dependencias del Departamento Judicial Bah\u00eda Blanca, remitan una vez restablecidas las comunicaciones a la Secretar\u00eda de Personal, la n\u00f3mina de agentes judiciales a su cargo, que han resultado afectados por los hechos de p\u00fablico conocimiento\u00bb, finalizaron.<\/p>\n","protected":false},"excerpt":{"rendered":"<p>La C&aacute;mara Federal de Apelaciones de Bah&iacute;a Blanca decidi&oacute; suspender las actividades durante esta jornada y ma&ntilde;ana a ra&iacute;z de los diversos inconvenientes que se registraron en dependencias debido al impactante temporal que afect&oacute; el viernes pasado la ciudad de Bah&iacute;a Blanca. La resoluci&oacute;n fue dictaminada por los camaristas Pablo Candisano Mera y Pablo Larriera [&hellip;]<\/p>\n","protected":false},"author":2,"featured_media":12039,"comment_status":"open","ping_status":"open","sticky":false,"template":"","format":"standard","meta":{"footnotes":""},"categories":[979,5,176],"tags":[731,3087,1222,772,3815],"class_list":["post-12038","post","type-post","status-publish","format-standard","has-post-thumbnail","hentry","category-judiciales","category-nacionales","category-politica","tag-actividades","tag-bahia-blanca","tag-federal","tag-justicia","tag-suspenden"],"_links":{"self":[{"href":"https:\/\/partediario.com.ar\/index.php?rest_route=\/wp\/v2\/posts\/12038","targetHints":{"allow":["GET"]}}],"collection":[{"href":"https:\/\/partediario.com.ar\/index.php?rest_route=\/wp\/v2\/posts"}],"about":[{"href":"https:\/\/partediario.com.ar\/index.php?rest_route=\/wp\/v2\/types\/post"}],"author":[{"embeddable":true,"href":"https:\/\/partediario.com.ar\/index.php?rest_route=\/wp\/v2\/users\/2"}],"replies":[{"embeddable":true,"href":"https:\/\/partediario.com.ar\/index.php?rest_route=%2Fwp%2Fv2%2Fcomments&post=12038"}],"version-history":[{"count":1,"href":"https:\/\/partediario.com.ar\/index.php?rest_route=\/wp\/v2\/posts\/12038\/revisions"}],"predecessor-version":[{"id":12040,"href":"https:\/\/partediario.com.ar\/index.php?rest_route=\/wp\/v2\/posts\/12038\/revisions\/12040"}],"wp:featuredmedia":[{"embeddable":true,"href":"https:\/\/partediario.com.ar\/index.php?rest_route=\/wp\/v2\/media\/12039"}],"wp:attachment":[{"href":"https:\/\/partediario.com.ar\/index.php?rest_route=%2Fwp%2Fv2%2Fmedia&parent=12038"}],"wp:term":[{"taxonomy":"category","embeddable":true,"href":"https:\/\/partediario.com.ar\/index.php?rest_route=%2Fwp%2Fv2%2Fcategories&post=12038"},{"taxonomy":"post_tag","embeddable":true,"href":"https:\/\/partediario.com.ar\/index.php?rest_route=%2Fwp%2Fv2%2Ftags&post=12038"}],"curies":[{"name":"wp","href":"https:\/\/api.w.org\/{rel}","templated":true}]}}