{"id":12041,"date":"2025-03-10T17:59:34","date_gmt":"2025-03-10T20:59:34","guid":{"rendered":"https:\/\/partediario.com.ar\/?p=12041"},"modified":"2025-03-11T11:55:04","modified_gmt":"2025-03-11T14:55:04","slug":"bullrich-y-petri-volvieron-a-bahia-blanca-para-supervisar-la-asistencia-a-los-damnificados","status":"publish","type":"post","link":"https:\/\/partediario.com.ar\/?p=12041","title":{"rendered":"Bullrich y Petri volvieron a Bah\u00eda Blanca para supervisar la asistencia a los damnificados"},"content":{"rendered":"\n<h2 class=\"wp-block-heading\">Los ministros de Seguridad, Patricia Bullrich, y de Defensa, Luis Petri, regresaron hoy a la ciudad de Bah\u00eda Blanca para seguir de el lugar el operativo que contin\u00faa asistiendo a los damnificados por el tr\u00e1gico temporal que azot\u00f3 a la ciudad bonaerense.<\/h2>\n\n\n\n<p>\u00abEstamos de vuelta en Bah\u00eda Blanca, siguiendo paso a paso el inmenso operativo de las Fuerzas Federales y Fuerzas Armadas desplegado en la ciudad\u00bb, poste\u00f3 Bullrich en su cuenta de X.<\/p>\n\n\n\n<p><\/p>\n\n\n\n<figure class=\"wp-block-image size-full\"><img loading=\"lazy\" decoding=\"async\" width=\"526\" height=\"421\" src=\"https:\/\/partediario.com.ar\/wp-content\/uploads\/FireShot-Capture-024-Patricia-Bullrich-@PatoBullrich-_-X-x.com_.png\" alt=\"\" class=\"wp-image-12042\" srcset=\"https:\/\/partediario.com.ar\/wp-content\/uploads\/FireShot-Capture-024-Patricia-Bullrich-@PatoBullrich-_-X-x.com_.png 526w, https:\/\/partediario.com.ar\/wp-content\/uploads\/FireShot-Capture-024-Patricia-Bullrich-@PatoBullrich-_-X-x.com_-300x240.png 300w\" sizes=\"auto, (max-width: 526px) 100vw, 526px\" \/><\/figure>\n\n\n\n<p><\/p>\n\n\n\n<p>Sobre el tema detall\u00f3 que ella y Petri estaban \u00abcamino a las zonas m\u00e1s cr\u00edticas para continuar asistiendo a los damnificados y que todo vuelva a la normalidad cuanto antes\u00bb.<\/p>\n\n\n\n<p>En Bah\u00eda Blanca y ciudades aleda\u00f1as como Ingeniero White y General Daniel Cerri, se encuentran trabajando m\u00e1s de 600 integrantes de las fuerzas federales de seguridad junto a sus pares militares en tareas de asistencia, log\u00edstica, rescate.<\/p>\n\n\n\n<p>Adem\u00e1s se est\u00e1n desplegando helic\u00f3pteros, camiones cisterna, botes de rescate, hospitales m\u00f3viles y recursos m\u00e9dicos, en un esfuerzo articulado entre diferentes organismos.<\/p>\n\n\n\n<p>\u201cVinimos a Ingeniero White, escuchamos a los vecinos y cumplimos con lo que nos pidieron. Volvimos porque sabemos que falta, porque cada historia duele y porque nadie en Bah\u00eda Blanca va a estar solo. Estamos ac\u00e1, trabajando con esfuerzo y compromiso\u201d, a\u00f1adi\u00f3 Bullrich.<\/p>\n\n\n\n<p>Ambos ministros ya estuvieron el fin de semana en Bah\u00eda Blanca, donde vivieron momentos de tensi\u00f3n cuando fueron increpados por algunos vecinos de Bah\u00eda Blanca, que les reclamaron por la traum\u00e1tica situaci\u00f3n que debieron atravesar a ra\u00edz de las fuertes inundaciones por las que perdieron numerosas pertenencias.<\/p>\n","protected":false},"excerpt":{"rendered":"<p>Los ministros de Seguridad, Patricia Bullrich, y de Defensa, Luis Petri, regresaron hoy a la ciudad de Bah&iacute;a Blanca para seguir de el lugar el operativo que contin&uacute;a asistiendo a los damnificados por el tr&aacute;gico temporal que azot&oacute; a la ciudad bonaerense. &laquo;Estamos de vuelta en Bah&iacute;a Blanca, siguiendo paso a paso el inmenso operativo [&hellip;]<\/p>\n","protected":false},"author":2,"featured_media":12043,"comment_status":"open","ping_status":"open","sticky":false,"template":"","format":"standard","meta":{"footnotes":""},"categories":[5,726],"tags":[3087,566,510],"class_list":["post-12041","post","type-post","status-publish","format-standard","has-post-thumbnail","hentry","category-nacionales","category-sociedad","tag-bahia-blanca","tag-luis-petri","tag-patricia-bullrich"],"_links":{"self":[{"href":"https:\/\/partediario.com.ar\/index.php?rest_route=\/wp\/v2\/posts\/12041","targetHints":{"allow":["GET"]}}],"collection":[{"href":"https:\/\/partediario.com.ar\/index.php?rest_route=\/wp\/v2\/posts"}],"about":[{"href":"https:\/\/partediario.com.ar\/index.php?rest_route=\/wp\/v2\/types\/post"}],"author":[{"embeddable":true,"href":"https:\/\/partediario.com.ar\/index.php?rest_route=\/wp\/v2\/users\/2"}],"replies":[{"embeddable":true,"href":"https:\/\/partediario.com.ar\/index.php?rest_route=%2Fwp%2Fv2%2Fcomments&post=12041"}],"version-history":[{"count":1,"href":"https:\/\/partediario.com.ar\/index.php?rest_route=\/wp\/v2\/posts\/12041\/revisions"}],"predecessor-version":[{"id":12044,"href":"https:\/\/partediario.com.ar\/index.php?rest_route=\/wp\/v2\/posts\/12041\/revisions\/12044"}],"wp:featuredmedia":[{"embeddable":true,"href":"https:\/\/partediario.com.ar\/index.php?rest_route=\/wp\/v2\/media\/12043"}],"wp:attachment":[{"href":"https:\/\/partediario.com.ar\/index.php?rest_route=%2Fwp%2Fv2%2Fmedia&parent=12041"}],"wp:term":[{"taxonomy":"category","embeddable":true,"href":"https:\/\/partediario.com.ar\/index.php?rest_route=%2Fwp%2Fv2%2Fcategories&post=12041"},{"taxonomy":"post_tag","embeddable":true,"href":"https:\/\/partediario.com.ar\/index.php?rest_route=%2Fwp%2Fv2%2Ftags&post=12041"}],"curies":[{"name":"wp","href":"https:\/\/api.w.org\/{rel}","templated":true}]}}