{"id":12055,"date":"2025-03-11T11:21:44","date_gmt":"2025-03-11T14:21:44","guid":{"rendered":"https:\/\/partediario.com.ar\/?p=12055"},"modified":"2025-03-11T11:54:53","modified_gmt":"2025-03-11T14:54:53","slug":"gravisimo-carlos-pagni-denuncia-que-habrian-liberado-controles-de-aduana-para-una-mujer-que-trajo-incontables-valijas","status":"publish","type":"post","link":"https:\/\/partediario.com.ar\/?p=12055","title":{"rendered":"Grav\u00edsimo: Carlos Pagni denuncia que habr\u00edan liberado controles de Aduana para una mujer que trajo incontables valijas"},"content":{"rendered":"\n<h2 class=\"wp-block-heading\">El periodista Carlos Pagni denunci\u00f3 en su programa de TV, que en la Aduana existe preocupaci\u00f3n por un presunto caso de ingreso irregular de equipaje en el Aeropuerto de Ezeiza. Seg\u00fan precis\u00f3, una orden superior habr\u00eda impedido revisar las valijas de una pasajera que arrib\u00f3 en un vuelo privado desde Miami.<\/h2>\n\n\n\n<p>Pagni indic\u00f3 que la pasajera en cuesti\u00f3n ser\u00eda Laura Bel\u00e9n Arrieta, supuestamente ligada a la Conferencia de Acci\u00f3n Pol\u00edtica Conservadora (CPAC), un espacio en el que han participado Donald Trump y referentes del gobierno de Javier Milei.<\/p>\n\n\n\n<p>De acuerdo a los dichos del periodista, las autoridades aduaneras quedaron en alerta despu\u00e9s que un control fuera desactivado por \u00f3rdenes superiores. \u00abDicen que la semana pasada apareci\u00f3 un avi\u00f3n, un vuelo privado desde Miami, con una se\u00f1orita Laura Bel\u00e9n Arrieta (\u2026). Aparentemente lleg\u00f3 con una cantidad de valijas, no sabemos cu\u00e1ntas, pero parecen que eran muchas\u00bb, explic\u00f3.<\/p>\n\n\n\n<p>En su an\u00e1lisis televisivo, Pagni mencion\u00f3 que la Polic\u00eda de Seguridad Aeroportuaria (PSA) y la Aduana habr\u00edan intentado realizar un operativo, pero recibieron la orden de no inspeccionar el equipaje.<\/p>\n\n\n\n<p>\u00abUna orden de arriba dijo &#8216;no hay que mirar nada ac\u00e1\u00bb, apunt\u00f3.<\/p>\n\n\n\n<p>El periodista aclar\u00f3 que la versi\u00f3n a\u00fan debe ser verificada, no oobstante asever\u00f3 que dentro de la Aduana dan este hecho como cierto y que las autoridades est\u00e1n inquietas por lo ocurrido.<\/p>\n\n\n\n<p>Hasta ahora, no hubo un pronunciamiento oficial sobre el supuesto ingreso de valijas sin control aduanero ni sobre la identidad de la pasajera.<\/p>\n","protected":false},"excerpt":{"rendered":"<p>El periodista Carlos Pagni denunci&oacute; en su programa de TV, que en la Aduana existe preocupaci&oacute;n por un presunto caso de ingreso irregular de equipaje en el Aeropuerto de Ezeiza. Seg&uacute;n precis&oacute;, una orden superior habr&iacute;a impedido revisar las valijas de una pasajera que arrib&oacute; en un vuelo privado desde Miami. Pagni indic&oacute; que la [&hellip;]<\/p>\n","protected":false},"author":2,"featured_media":12056,"comment_status":"open","ping_status":"open","sticky":false,"template":"","format":"standard","meta":{"footnotes":""},"categories":[5,7,176],"tags":[5605,5604,1917,232,5606,5607],"class_list":["post-12055","post","type-post","status-publish","format-standard","has-post-thumbnail","hentry","category-nacionales","category-policiales","category-politica","tag-aduana","tag-carlos-pagni","tag-ezeiza","tag-javier-milei","tag-maria-belen-arrieta","tag-valijas"],"_links":{"self":[{"href":"https:\/\/partediario.com.ar\/index.php?rest_route=\/wp\/v2\/posts\/12055","targetHints":{"allow":["GET"]}}],"collection":[{"href":"https:\/\/partediario.com.ar\/index.php?rest_route=\/wp\/v2\/posts"}],"about":[{"href":"https:\/\/partediario.com.ar\/index.php?rest_route=\/wp\/v2\/types\/post"}],"author":[{"embeddable":true,"href":"https:\/\/partediario.com.ar\/index.php?rest_route=\/wp\/v2\/users\/2"}],"replies":[{"embeddable":true,"href":"https:\/\/partediario.com.ar\/index.php?rest_route=%2Fwp%2Fv2%2Fcomments&post=12055"}],"version-history":[{"count":1,"href":"https:\/\/partediario.com.ar\/index.php?rest_route=\/wp\/v2\/posts\/12055\/revisions"}],"predecessor-version":[{"id":12057,"href":"https:\/\/partediario.com.ar\/index.php?rest_route=\/wp\/v2\/posts\/12055\/revisions\/12057"}],"wp:featuredmedia":[{"embeddable":true,"href":"https:\/\/partediario.com.ar\/index.php?rest_route=\/wp\/v2\/media\/12056"}],"wp:attachment":[{"href":"https:\/\/partediario.com.ar\/index.php?rest_route=%2Fwp%2Fv2%2Fmedia&parent=12055"}],"wp:term":[{"taxonomy":"category","embeddable":true,"href":"https:\/\/partediario.com.ar\/index.php?rest_route=%2Fwp%2Fv2%2Fcategories&post=12055"},{"taxonomy":"post_tag","embeddable":true,"href":"https:\/\/partediario.com.ar\/index.php?rest_route=%2Fwp%2Fv2%2Ftags&post=12055"}],"curies":[{"name":"wp","href":"https:\/\/api.w.org\/{rel}","templated":true}]}}