{"id":12061,"date":"2025-03-11T11:34:58","date_gmt":"2025-03-11T14:34:58","guid":{"rendered":"https:\/\/partediario.com.ar\/?p=12061"},"modified":"2025-03-12T18:03:14","modified_gmt":"2025-03-12T21:03:14","slug":"interpelacion-a-karina-milei-por-el-criptogate-libra-no-vamos-a-hacer-un-show-apunto-francos","status":"publish","type":"post","link":"https:\/\/partediario.com.ar\/?p=12061","title":{"rendered":"Interpelaci\u00f3n a Karina Milei por el Criptogate $LIBRA: \u00abNo vamos a hacer un show\u00bb, apunt\u00f3 Francos"},"content":{"rendered":"\n<h2 class=\"wp-block-heading\">El jefe de Gabinete, Guillermo Francos, hizo referencia este martes al esc\u00e1ndalo en torno a la criptomoneda $LIBRA, promocionada en redes sociales por el presidente Javier Milei. En declaraciones radiales, Francos descart\u00f3 la posibilidad de una interpelaci\u00f3n a Karina Milei y otros funcionarios del Gobierno y afirm\u00f3 que el tema debe resolverse en la Justicia.<\/h2>\n\n\n\n<p>\u201cMe parece perfecto que el Congreso trate los proyectos que quiera y estamos dispuesto a dar las respuestas que requieran, pero hacer un show del tema, no estamos dispuestos a hacerlo\u201d, se\u00f1al\u00f3.<\/p>\n\n\n\n<p>Y agreg\u00f3 que: \u201cHasta aqu\u00ed, la oposici\u00f3n no encontr\u00f3 resquicio para atacar al gobierno que ha demostrado que tiene \u00e9xito econ\u00f3mico. Quieren prenderse como garrapatas del tema para ver qu\u00e9 obtienen en materia electoral. No queremos ser parte de un show medi\u00e1tico\u201d.<\/p>\n\n\n\n<p>El jefe de Gabinete afirm\u00f3 que en el acuerdo con el Fondo Monetario Internacional (FMI) \u00abclaramente dice que no se incrementa la deuda p\u00fablica\u00bb, a la vez que indic\u00f3 que cree que \u201cno lo van a rechazar las c\u00e1maras\u201d y resalt\u00f3 que \u201cla deuda del tesoro no se va a incrementar\u201d.<\/p>\n\n\n\n<p>\u00abEl acuerdo claramente dice que no se incrementa la deuda p\u00fablica\u00bb, apunt\u00f3, a la vez que indic\u00f3 que el ejecutivo tiene la facultad \u00abpara aprobar un acuerdo en los t\u00e9rminos que ah\u00ed se establece\u00bb.<\/p>\n\n\n\n<p>Adem\u00e1s acot\u00f3: \u201cEl DNU va a ser enviado de inmediato al Congreso para que sea tratado como corresponde. Tiene la fuerza de una ley, lo establece la constituci\u00f3n, mientras no sea rechazado por las c\u00e1maras y creo que no lo van a rechazar las c\u00e1maras\u201d.<\/p>\n\n\n\n<p>\u201cTiene una larga fundamentaci\u00f3n hist\u00f3rica de los DNU que existieron antes con la relaci\u00f3n con el FMI\u201d, manifest\u00f3 y agreg\u00f3: \u201cEl desembolso se utilizar\u00e1 para pagar vencimientos con el FMI o la deuda del estado nacional con el Banco Central. La deuda del tesoro no se va a incrementar\u201d.<\/p>\n\n\n\n<p>Francos indic\u00f3 en otro pasaje de la entrevista que: \u201cAlgunos diputados dicen cosas totalmente rid\u00edculas, la famosa ley Guzm\u00e1n para aprobar el acuerdo con el FMI donde todos los acuerdos deb\u00edan pasar por el Congreso. Yo dije que esa ley pareciera que estuviera por encima de la Constituci\u00f3n porque limita facultades del ejecutivo que surgen de la propia Constituci\u00f3n\u201d.<\/p>\n\n\n\n<p>Al hablar de la situaci\u00f3n de la ciudad de Bah\u00eda Blanca, se\u00f1al\u00f3: \u201cLo que dije con toda claridad es que la reconstrucci\u00f3n y planificaci\u00f3n le corresponde al municipio y provincia. Naci\u00f3n est\u00e1 para apoyar como desde el principio, hemos puesto los fondos disponibles\u201d.<\/p>\n\n\n\n<p>\u201cEstamos trabajando con autoridades de la provincia, si nos piden apoyo lo van a tener. El apoyo econ\u00f3mico estar\u00e1 una vez que est\u00e9 el plan de reconstrucci\u00f3n, estamos dispuestos a escuchar lo que nos propongan\u201d, destac\u00f3.<\/p>\n\n\n\n<p>El jefe de Gabinete se\u00f1al\u00f3 adem\u00e1s: \u201cEn qu\u00e9 cabeza cabe que nosotros haremos por nuestra cuenta un desarrollo de la crisis, hay que ser racionales y saber de quien es la competencia en cada caso\u201d<\/p>\n\n\n\n<p>En relaci\u00f3n a la presencia de Javier Milei en las redes, manifest\u00f3: \u201cLa gente de la pol\u00edtica no tomo conciencia que el sistema de comunicaci\u00f3n pol\u00edtica ha cambiado, en los 90 la comunicaci\u00f3n era diferente, hoy es distinto\u201d.<\/p>\n\n\n\n<p>\u201cEl Presidente lanza una comunicaci\u00f3n por tuit y tiene 10 o 15 puntos de rating, es dif\u00edcil decirle al Presidente que abandone la forma de comunicarse con el pueblo, es la forma por la que lleg\u00f3 a ser Presidente\u201d, apunt\u00f3.<\/p>\n\n\n\n<p>Mientras tanto, la oposici\u00f3n en la C\u00e1mara de Diputados buscar\u00e1 este mi\u00e9rcoles, a las 12, tratar el caso $LIBRA y su impacto en el gobierno de Javier Milei. Con once proyectos en debate, los bloques opositores intentar\u00e1n interpelar al Presidente y a varios funcionarios, aunque para ello deber\u00e1n alcanzar el qu\u00f3rum reglamentario de 129 diputados al inicio de la sesi\u00f3n.<\/p>\n\n\n\n<p>Entre las iniciativas m\u00e1s relevantes, el Frente de Izquierda present\u00f3 un pedido de interpelaci\u00f3n para el propio Javier Milei, mientras que Encuentro Federal impulsa citar a Karina Milei, Guillermo Francos, Manuel Adorni y Mariano C\u00faneo Libarona. A su vez, Uni\u00f3n por la Patria busca interpelar a la secretaria general de la Presidencia, y la Coalici\u00f3n C\u00edvica apunta al jefe de Gabinete.<\/p>\n\n\n\n<p>El MID por su parte, propuso la creaci\u00f3n de una Comisi\u00f3n Investigadora sobre el caso $LIBRA, que estar\u00eda integrada por 16 miembros de ambas c\u00e1maras legislativas.<\/p>\n\n\n\n<p>Con el debate en el Congreso en marcha, el esc\u00e1ndalo por la criptomoneda escala la tensi\u00f3n pol\u00edtica y abre una nueva disputa entre el oficialismo y la oposici\u00f3n.<\/p>\n","protected":false},"excerpt":{"rendered":"<p>El jefe de Gabinete, Guillermo Francos, hizo referencia este martes al esc&aacute;ndalo en torno a la criptomoneda $LIBRA, promocionada en redes sociales por el presidente Javier Milei. En declaraciones radiales, Francos descart&oacute; la posibilidad de una interpelaci&oacute;n a Karina Milei y otros funcionarios del Gobierno y afirm&oacute; que el tema debe resolverse en la Justicia. [&hellip;]<\/p>\n","protected":false},"author":2,"featured_media":11482,"comment_status":"open","ping_status":"open","sticky":false,"template":"","format":"standard","meta":{"footnotes":""},"categories":[5,176],"tags":[5322,5358,2012,329,232,263],"class_list":["post-12061","post","type-post","status-publish","format-standard","has-post-thumbnail","hentry","category-nacionales","category-politica","tag-libra-2","tag-criptogate","tag-escandalo","tag-guillermo-francos","tag-javier-milei","tag-karina-milei"],"_links":{"self":[{"href":"https:\/\/partediario.com.ar\/index.php?rest_route=\/wp\/v2\/posts\/12061","targetHints":{"allow":["GET"]}}],"collection":[{"href":"https:\/\/partediario.com.ar\/index.php?rest_route=\/wp\/v2\/posts"}],"about":[{"href":"https:\/\/partediario.com.ar\/index.php?rest_route=\/wp\/v2\/types\/post"}],"author":[{"embeddable":true,"href":"https:\/\/partediario.com.ar\/index.php?rest_route=\/wp\/v2\/users\/2"}],"replies":[{"embeddable":true,"href":"https:\/\/partediario.com.ar\/index.php?rest_route=%2Fwp%2Fv2%2Fcomments&post=12061"}],"version-history":[{"count":1,"href":"https:\/\/partediario.com.ar\/index.php?rest_route=\/wp\/v2\/posts\/12061\/revisions"}],"predecessor-version":[{"id":12062,"href":"https:\/\/partediario.com.ar\/index.php?rest_route=\/wp\/v2\/posts\/12061\/revisions\/12062"}],"wp:featuredmedia":[{"embeddable":true,"href":"https:\/\/partediario.com.ar\/index.php?rest_route=\/wp\/v2\/media\/11482"}],"wp:attachment":[{"href":"https:\/\/partediario.com.ar\/index.php?rest_route=%2Fwp%2Fv2%2Fmedia&parent=12061"}],"wp:term":[{"taxonomy":"category","embeddable":true,"href":"https:\/\/partediario.com.ar\/index.php?rest_route=%2Fwp%2Fv2%2Fcategories&post=12061"},{"taxonomy":"post_tag","embeddable":true,"href":"https:\/\/partediario.com.ar\/index.php?rest_route=%2Fwp%2Fv2%2Ftags&post=12061"}],"curies":[{"name":"wp","href":"https:\/\/api.w.org\/{rel}","templated":true}]}}