{"id":12067,"date":"2025-03-12T16:51:59","date_gmt":"2025-03-12T19:51:59","guid":{"rendered":"https:\/\/partediario.com.ar\/?p=12067"},"modified":"2025-03-13T09:53:45","modified_gmt":"2025-03-13T12:53:45","slug":"vecinos-de-la-plata-protestaron-para-pedir-mayor-seguridad-tras-el-brutal-asesinato-de-kim-gomez","status":"publish","type":"post","link":"https:\/\/partediario.com.ar\/?p=12067","title":{"rendered":"Vecinos de La Plata protestaron para pedir mayor seguridad tras el brutal asesinato de Kim G\u00f3mez"},"content":{"rendered":"\n<h2 class=\"wp-block-heading\">Mientras avanza la causa por el asesinato de la ni\u00f1a Kim G\u00f3mez durante un robo, donde hay dos menores detenidos, los vecinos de La Plata se manifestaron para reclamar mayor seguridad y medidas que puedan combatir con la delincuencia.<\/h2>\n\n\n\n<p>En este marco, las personas fueron citadas para este mi\u00e9rcoles a las 12.00 para que acompa\u00f1en la caravana, la cual partir\u00e1 desde la Plaza Moreno hasta la Gobernaci\u00f3n. En medio del recorrido pasar\u00e1n por la puerta del Ministerio de Seguridad de la ciudad.<\/p>\n\n\n\n<p>Bajo el lema \u201cmarcha ciudadana contra la inseguridad\u201d, se aguarda que vecinos de los barrios Los Hornos, Altos de San Lorenzo, El Mondongo, Tolosa, Gambier, City Bell, Gonnet, Villa Elisa, Villa Elvira y Melchor Romero digan presenten.<\/p>\n\n\n\n<p>En los \u00faltimos d\u00edas se dieron a conocer diversas marchas en la ciudad en repudio por el impactante crimen de la ni\u00f1a de 7 a\u00f1os durante un hecho delictivo.<\/p>\n\n\n\n<p>Sin embargo, los reclamos son progresivos debido a que la inseguridad comenz\u00f3 a incrementarse en los \u00faltimos meses.<\/p>\n\n\n\n<p>\u201cYa no queremos o\u00eddos sordos a nuestros reclamos\u201d, manifest\u00f3 Domingo Novello, vecino de uno de los barrios afectados por los robos.<\/p>\n","protected":false},"excerpt":{"rendered":"<p>Mientras avanza la causa por el asesinato de la ni&ntilde;a Kim G&oacute;mez durante un robo, donde hay dos menores detenidos, los vecinos de La Plata se manifestaron para reclamar mayor seguridad y medidas que puedan combatir con la delincuencia. En este marco, las personas fueron citadas para este mi&eacute;rcoles a las 12.00 para que acompa&ntilde;en [&hellip;]<\/p>\n","protected":false},"author":2,"featured_media":12068,"comment_status":"open","ping_status":"open","sticky":false,"template":"","format":"standard","meta":{"footnotes":""},"categories":[5,726],"tags":[746,5469,971,1312,5608,888],"class_list":["post-12067","post","type-post","status-publish","format-standard","has-post-thumbnail","hentry","category-nacionales","category-sociedad","tag-asesinato","tag-kim-gomez","tag-marcha","tag-ministerio","tag-plaza-moreno","tag-seguridad"],"_links":{"self":[{"href":"https:\/\/partediario.com.ar\/index.php?rest_route=\/wp\/v2\/posts\/12067","targetHints":{"allow":["GET"]}}],"collection":[{"href":"https:\/\/partediario.com.ar\/index.php?rest_route=\/wp\/v2\/posts"}],"about":[{"href":"https:\/\/partediario.com.ar\/index.php?rest_route=\/wp\/v2\/types\/post"}],"author":[{"embeddable":true,"href":"https:\/\/partediario.com.ar\/index.php?rest_route=\/wp\/v2\/users\/2"}],"replies":[{"embeddable":true,"href":"https:\/\/partediario.com.ar\/index.php?rest_route=%2Fwp%2Fv2%2Fcomments&post=12067"}],"version-history":[{"count":1,"href":"https:\/\/partediario.com.ar\/index.php?rest_route=\/wp\/v2\/posts\/12067\/revisions"}],"predecessor-version":[{"id":12069,"href":"https:\/\/partediario.com.ar\/index.php?rest_route=\/wp\/v2\/posts\/12067\/revisions\/12069"}],"wp:featuredmedia":[{"embeddable":true,"href":"https:\/\/partediario.com.ar\/index.php?rest_route=\/wp\/v2\/media\/12068"}],"wp:attachment":[{"href":"https:\/\/partediario.com.ar\/index.php?rest_route=%2Fwp%2Fv2%2Fmedia&parent=12067"}],"wp:term":[{"taxonomy":"category","embeddable":true,"href":"https:\/\/partediario.com.ar\/index.php?rest_route=%2Fwp%2Fv2%2Fcategories&post=12067"},{"taxonomy":"post_tag","embeddable":true,"href":"https:\/\/partediario.com.ar\/index.php?rest_route=%2Fwp%2Fv2%2Ftags&post=12067"}],"curies":[{"name":"wp","href":"https:\/\/api.w.org\/{rel}","templated":true}]}}