{"id":12070,"date":"2025-03-12T16:55:07","date_gmt":"2025-03-12T19:55:07","guid":{"rendered":"https:\/\/partediario.com.ar\/?p=12070"},"modified":"2025-03-13T09:53:41","modified_gmt":"2025-03-13T12:53:41","slug":"se-aprobo-el-tratamiento-inmediato-en-comisiones-de-los-proyectos-sobre-el-criptogate-libra","status":"publish","type":"post","link":"https:\/\/partediario.com.ar\/?p=12070","title":{"rendered":"Se aprob\u00f3 el tratamiento inmediato en comisiones de los proyectos sobre el Criptogate $LIBRA"},"content":{"rendered":"\n<h2 class=\"wp-block-heading\">La C\u00e1mara de Diputados resolvi\u00f3 a favor del emplazamiento de comisiones con 134 votos afirmativos y 94 negativos.<\/h2>\n\n\n\n<p>Diputados rechazazon hoy la moci\u00f3n de Uni\u00f3n por la Patria para emplazar las comisi\u00f3n de Juicio Pol\u00edtico a fin de tratar el proyecto para iniciar un juicio pol\u00edtico contra el presidente Javier Milei por el cripto esc\u00e1ndalo $Libra.<\/p>\n\n\n\n<p>La moci\u00f3n fue formulada por el jefe de la bancada de Uni\u00f3n por la Patria, Germ\u00e1n Mart\u00ednez, quien ratific\u00f3 la preferencia de su bloque por apelar al instituto del juicio pol\u00edtico para deslindar las responsabilidades pol\u00edticas del jefe de Estado y otros funcionarios del Poder Ejecutivo por la \u00abcripto estafa\u00bb.<\/p>\n\n\n\n<p>La votaci\u00f3n arroj\u00f3 104 votos positivos y 128 rechazos.<\/p>\n\n\n\n<p>Noticia en desarrollo<\/p>\n","protected":false},"excerpt":{"rendered":"<p>La C&aacute;mara de Diputados resolvi&oacute; a favor del emplazamiento de comisiones con 134 votos afirmativos y 94 negativos. Diputados rechazazon hoy la moci&oacute;n de Uni&oacute;n por la Patria para emplazar las comisi&oacute;n de Juicio Pol&iacute;tico a fin de tratar el proyecto para iniciar un juicio pol&iacute;tico contra el presidente Javier Milei por el cripto esc&aacute;ndalo [&hellip;]<\/p>\n","protected":false},"author":2,"featured_media":12071,"comment_status":"open","ping_status":"open","sticky":false,"template":"","format":"standard","meta":{"footnotes":""},"categories":[5,176],"tags":[3545,1964,5358,310,232,2918],"class_list":["post-12070","post","type-post","status-publish","format-standard","has-post-thumbnail","hentry","category-nacionales","category-politica","tag-aprobo","tag-comisiones","tag-criptogate","tag-diputados","tag-javier-milei","tag-tratamiento"],"_links":{"self":[{"href":"https:\/\/partediario.com.ar\/index.php?rest_route=\/wp\/v2\/posts\/12070","targetHints":{"allow":["GET"]}}],"collection":[{"href":"https:\/\/partediario.com.ar\/index.php?rest_route=\/wp\/v2\/posts"}],"about":[{"href":"https:\/\/partediario.com.ar\/index.php?rest_route=\/wp\/v2\/types\/post"}],"author":[{"embeddable":true,"href":"https:\/\/partediario.com.ar\/index.php?rest_route=\/wp\/v2\/users\/2"}],"replies":[{"embeddable":true,"href":"https:\/\/partediario.com.ar\/index.php?rest_route=%2Fwp%2Fv2%2Fcomments&post=12070"}],"version-history":[{"count":1,"href":"https:\/\/partediario.com.ar\/index.php?rest_route=\/wp\/v2\/posts\/12070\/revisions"}],"predecessor-version":[{"id":12072,"href":"https:\/\/partediario.com.ar\/index.php?rest_route=\/wp\/v2\/posts\/12070\/revisions\/12072"}],"wp:featuredmedia":[{"embeddable":true,"href":"https:\/\/partediario.com.ar\/index.php?rest_route=\/wp\/v2\/media\/12071"}],"wp:attachment":[{"href":"https:\/\/partediario.com.ar\/index.php?rest_route=%2Fwp%2Fv2%2Fmedia&parent=12070"}],"wp:term":[{"taxonomy":"category","embeddable":true,"href":"https:\/\/partediario.com.ar\/index.php?rest_route=%2Fwp%2Fv2%2Fcategories&post=12070"},{"taxonomy":"post_tag","embeddable":true,"href":"https:\/\/partediario.com.ar\/index.php?rest_route=%2Fwp%2Fv2%2Ftags&post=12070"}],"curies":[{"name":"wp","href":"https:\/\/api.w.org\/{rel}","templated":true}]}}