{"id":12078,"date":"2025-03-12T17:13:46","date_gmt":"2025-03-12T20:13:46","guid":{"rendered":"https:\/\/partediario.com.ar\/?p=12078"},"modified":"2025-03-13T09:53:22","modified_gmt":"2025-03-13T12:53:22","slug":"aduana-realizara-un-sumario-interno-luego-de-la-denuncia-de-carlos-pagni-sobre-la-falta-de-control-en-un-vuelo-privado","status":"publish","type":"post","link":"https:\/\/partediario.com.ar\/?p=12078","title":{"rendered":"Aduana realizar\u00e1 un sumario interno luego de la denuncia de Carlos Pagni sobre la falta de control en un vuelo privado"},"content":{"rendered":"\n<h2 class=\"wp-block-heading\">El comunicado de la Aduana rechaz\u00f3 este mi\u00e9rcoles cualquier irregularidad en el control de un avi\u00f3n proveniente de los Estados Unidos, pero confirm\u00f3 que inici\u00f3 una investigaci\u00f3n interna tras la denuncia period\u00edstica de Carlos Pagni.<\/h2>\n\n\n\n<p>El organismo dirigido por Jos\u00e9 Andr\u00e9s Velis afirm\u00f3 que se realizaron controles de rutina a la aeronave, la tripulaci\u00f3n y los pasajeros, conforme a la normativa vigente, sin detectar irregularidades.<\/p>\n\n\n\n<p>Adem\u00e1s, inform\u00f3 que el avi\u00f3n qued\u00f3 en tr\u00e1nsito en un hangar hasta el 5 de marzo, cuando parti\u00f3 rumbo a Par\u00eds, donde se realizaron tr\u00e1mites de rutina sin novedades.<\/p>\n\n\n\n<p>No obstante, la Aduana se\u00f1al\u00f3 que, ante las versiones period\u00edsticas sobre fallas en el control aduanero, se inici\u00f3 un sumario interno para investigar los hechos. En caso de confirmarse irregularidades, el personal responsable ser\u00e1 desafectado, inform\u00f3 el organismo.<\/p>\n\n\n\n<p><\/p>\n\n\n\n<figure class=\"wp-block-image size-full\"><img loading=\"lazy\" decoding=\"async\" width=\"524\" height=\"720\" src=\"https:\/\/partediario.com.ar\/wp-content\/uploads\/Aduana.webp\" alt=\"\" class=\"wp-image-12079\" srcset=\"https:\/\/partediario.com.ar\/wp-content\/uploads\/Aduana.webp 524w, https:\/\/partediario.com.ar\/wp-content\/uploads\/Aduana-218x300.webp 218w\" sizes=\"auto, (max-width: 524px) 100vw, 524px\" \/><\/figure>\n\n\n\n<p><\/p>\n\n\n\n<p class=\"has-medium-font-size\"><strong>La denuncia de Carlos Pagni<\/strong><\/p>\n\n\n\n<p>El periodista Carlos Pagni revel\u00f3 en su programa que dentro de la Aduana hay preocupaci\u00f3n por un presunto ingreso irregular de equipaje en el Aeropuerto de Ezeiza.<\/p>\n\n\n\n<p>Seg\u00fan precis\u00f3, una orden \u00abde arriba\u00bb habr\u00eda frenado un control sobre m\u00faltiples valijas de una pasajera que arrib\u00f3 en un vuelo privado desde Miami.<\/p>\n\n\n\n<p>Pagni destac\u00f3 que la mujer en cuesti\u00f3n ser\u00eda Laura Bel\u00e9n Arrieta, supuestamente vinculada a la Conferencia de Acci\u00f3n Pol\u00edtica Conservadora (CPAC), un evento en el que han participado Donald Trump y referentes del gobierno de Javier Milei.<\/p>\n\n\n\n<p>El periodista asever\u00f3 que la Polic\u00eda de Seguridad Aeroportuaria (PSA) y la Aduana intentaron realizar un operativo sobre el equipaje, pero recibieron la orden de no inspeccionarlo.<\/p>\n\n\n\n<p>\u00abUna orden de arriba dijo \u2018no hay que mirar nada ac\u00e1\u2019\u00bb, expres\u00f3 Pagni.<\/p>\n\n\n\n<p>Hasta el momento no hubo un pronunciamiento oficial sobre el supuesto ingreso de valijas sin control ni sobre la identidad de la pasajera.<\/p>\n","protected":false},"excerpt":{"rendered":"<p>El comunicado de la Aduana rechaz&oacute; este mi&eacute;rcoles cualquier irregularidad en el control de un avi&oacute;n proveniente de los Estados Unidos, pero confirm&oacute; que inici&oacute; una investigaci&oacute;n interna tras la denuncia period&iacute;stica de Carlos Pagni. El organismo dirigido por Jos&eacute; Andr&eacute;s Velis afirm&oacute; que se realizaron controles de rutina a la aeronave, la tripulaci&oacute;n y [&hellip;]<\/p>\n","protected":false},"author":2,"featured_media":12080,"comment_status":"open","ping_status":"open","sticky":false,"template":"","format":"standard","meta":{"footnotes":""},"categories":[5,176],"tags":[5605,5604,4141,812,857,232,5614,5615,3938,5613],"class_list":["post-12078","post","type-post","status-publish","format-standard","has-post-thumbnail","hentry","category-nacionales","category-politica","tag-aduana","tag-carlos-pagni","tag-cpac","tag-denuncia","tag-donald-trump","tag-javier-milei","tag-jose-andres-velis","tag-laura-belen-arrieta","tag-miami","tag-sumario"],"_links":{"self":[{"href":"https:\/\/partediario.com.ar\/index.php?rest_route=\/wp\/v2\/posts\/12078","targetHints":{"allow":["GET"]}}],"collection":[{"href":"https:\/\/partediario.com.ar\/index.php?rest_route=\/wp\/v2\/posts"}],"about":[{"href":"https:\/\/partediario.com.ar\/index.php?rest_route=\/wp\/v2\/types\/post"}],"author":[{"embeddable":true,"href":"https:\/\/partediario.com.ar\/index.php?rest_route=\/wp\/v2\/users\/2"}],"replies":[{"embeddable":true,"href":"https:\/\/partediario.com.ar\/index.php?rest_route=%2Fwp%2Fv2%2Fcomments&post=12078"}],"version-history":[{"count":1,"href":"https:\/\/partediario.com.ar\/index.php?rest_route=\/wp\/v2\/posts\/12078\/revisions"}],"predecessor-version":[{"id":12081,"href":"https:\/\/partediario.com.ar\/index.php?rest_route=\/wp\/v2\/posts\/12078\/revisions\/12081"}],"wp:featuredmedia":[{"embeddable":true,"href":"https:\/\/partediario.com.ar\/index.php?rest_route=\/wp\/v2\/media\/12080"}],"wp:attachment":[{"href":"https:\/\/partediario.com.ar\/index.php?rest_route=%2Fwp%2Fv2%2Fmedia&parent=12078"}],"wp:term":[{"taxonomy":"category","embeddable":true,"href":"https:\/\/partediario.com.ar\/index.php?rest_route=%2Fwp%2Fv2%2Fcategories&post=12078"},{"taxonomy":"post_tag","embeddable":true,"href":"https:\/\/partediario.com.ar\/index.php?rest_route=%2Fwp%2Fv2%2Ftags&post=12078"}],"curies":[{"name":"wp","href":"https:\/\/api.w.org\/{rel}","templated":true}]}}