{"id":12082,"date":"2025-03-12T17:22:23","date_gmt":"2025-03-12T20:22:23","guid":{"rendered":"https:\/\/partediario.com.ar\/?p=12082"},"modified":"2025-03-13T09:53:17","modified_gmt":"2025-03-13T12:53:17","slug":"la-cgt-se-muestra-mas-critica-contra-el-gobierno-y-anuncio-un-plan-de-accion","status":"publish","type":"post","link":"https:\/\/partediario.com.ar\/?p=12082","title":{"rendered":"La CGT se muestra m\u00e1s cr\u00edtica contra el Gobierno y anunci\u00f3 un plan de acci\u00f3n"},"content":{"rendered":"\n<h2 class=\"wp-block-heading\">Tras varios meses de inactividad, la Confederaci\u00f3n General del Trabajo (CGT), anunci\u00f3 un nuevo plan de acci\u00f3n contra las pol\u00edticas econ\u00f3micas que impulsa el gobierno de Javier Milei, y que incluy\u00f3 la presencia de la central en la movilizaci\u00f3n de hoy en defensa de los jubilados.<\/h2>\n\n\n\n<p>La mesa chica realiz\u00f3 el pasado martes una reuni\u00f3n en la sede, donde los principales gremios que integran el Consejo Directivo Nacional de la central hicieron eje en las consecuencias del programa libertario y su impacto en la sociedad.<\/p>\n\n\n\n<p>Seg\u00fan revelaron, se abordaron \u201ctemas que ata\u00f1en a la situaci\u00f3n social, laboral y econ\u00f3mica y que afectan derechos y puestos de trabajo de las distintas actividades de forma grave\u201d.<\/p>\n\n\n\n<p>Al t\u00e9rmino de la reuni\u00f3n, desde la central plantearon que acompa\u00f1ar\u00e1n el reclamo de los jubilados que se realizar\u00e1 esta tarde en las inmediaciones del Congreso Nacional, y convocaron a una nueva reuni\u00f3n plenaria del Consejo Directivo de CGT para la semana pr\u00f3xima.<\/p>\n\n\n\n<p>Adem\u00e1s, confirmaron su participaci\u00f3n en el primer Congreso General de la UTEP, con fecha para el pr\u00f3ximo 13 de marzo en el sal\u00f3n Vallese de la sede de Azopardo, y realizaron un pedido para movilizar el pr\u00f3ximo 24 marzo en el marco de la Conmemoraci\u00f3n del D\u00eda de la Verdad y la Justicia.<\/p>\n\n\n\n<p>Como actividad final del plan de acci\u00f3n, desde la central realizaron una invitaci\u00f3n a los gremios confederados a asistir a la reuni\u00f3n con organismos de Derechos Humanos del pr\u00f3ximo 21 de marzo, a las 11.<\/p>\n\n\n\n<p>Pareciera, que la buena predisposici\u00f3n que mostr\u00f3 la CGT en el tramo inicial de la gesti\u00f3n de Javier Milei lleg\u00f3 a su fin, y tras varios meses de inactividad, los gremios que nuclean la central debatieron una hoja de ruta de protesta que, prometen, ampliarla.<\/p>\n","protected":false},"excerpt":{"rendered":"<p>Tras varios meses de inactividad, la Confederaci&oacute;n General del Trabajo (CGT), anunci&oacute; un nuevo plan de acci&oacute;n contra las pol&iacute;ticas econ&oacute;micas que impulsa el gobierno de Javier Milei, y que incluy&oacute; la presencia de la central en la movilizaci&oacute;n de hoy en defensa de los jubilados. La mesa chica realiz&oacute; el pasado martes una reuni&oacute;n [&hellip;]<\/p>\n","protected":false},"author":2,"featured_media":12083,"comment_status":"open","ping_status":"open","sticky":false,"template":"","format":"standard","meta":{"footnotes":""},"categories":[978,5,176],"tags":[226,833,224,232,1264,1169],"class_list":["post-12082","post","type-post","status-publish","format-standard","has-post-thumbnail","hentry","category-gremiales","category-nacionales","category-politica","tag-cgt","tag-critica","tag-gobierno","tag-javier-milei","tag-jubilados","tag-utep"],"_links":{"self":[{"href":"https:\/\/partediario.com.ar\/index.php?rest_route=\/wp\/v2\/posts\/12082","targetHints":{"allow":["GET"]}}],"collection":[{"href":"https:\/\/partediario.com.ar\/index.php?rest_route=\/wp\/v2\/posts"}],"about":[{"href":"https:\/\/partediario.com.ar\/index.php?rest_route=\/wp\/v2\/types\/post"}],"author":[{"embeddable":true,"href":"https:\/\/partediario.com.ar\/index.php?rest_route=\/wp\/v2\/users\/2"}],"replies":[{"embeddable":true,"href":"https:\/\/partediario.com.ar\/index.php?rest_route=%2Fwp%2Fv2%2Fcomments&post=12082"}],"version-history":[{"count":1,"href":"https:\/\/partediario.com.ar\/index.php?rest_route=\/wp\/v2\/posts\/12082\/revisions"}],"predecessor-version":[{"id":12084,"href":"https:\/\/partediario.com.ar\/index.php?rest_route=\/wp\/v2\/posts\/12082\/revisions\/12084"}],"wp:featuredmedia":[{"embeddable":true,"href":"https:\/\/partediario.com.ar\/index.php?rest_route=\/wp\/v2\/media\/12083"}],"wp:attachment":[{"href":"https:\/\/partediario.com.ar\/index.php?rest_route=%2Fwp%2Fv2%2Fmedia&parent=12082"}],"wp:term":[{"taxonomy":"category","embeddable":true,"href":"https:\/\/partediario.com.ar\/index.php?rest_route=%2Fwp%2Fv2%2Fcategories&post=12082"},{"taxonomy":"post_tag","embeddable":true,"href":"https:\/\/partediario.com.ar\/index.php?rest_route=%2Fwp%2Fv2%2Ftags&post=12082"}],"curies":[{"name":"wp","href":"https:\/\/api.w.org\/{rel}","templated":true}]}}