{"id":12091,"date":"2025-03-13T09:18:14","date_gmt":"2025-03-13T12:18:14","guid":{"rendered":"https:\/\/partediario.com.ar\/?p=12091"},"modified":"2025-03-15T09:47:48","modified_gmt":"2025-03-15T12:47:48","slug":"son-20-los-policias-heridos-tras-ser-atacados-por-barrabravas-en-la-marcha-de-los-jubilados","status":"publish","type":"post","link":"https:\/\/partediario.com.ar\/?p=12091","title":{"rendered":"Son 20 los polic\u00edas heridos tras ser atacados por barrabravas en la marcha de los jubilados"},"content":{"rendered":"\n<h2 class=\"wp-block-heading\">Un total de 20 polic\u00edas resultaron heridos, uno de ellos baleado y una oficial agredida de un piedrazo en la cabeza, es el saldo tras los violentos incidentes en los alrededores del Congreso, donde los barrabravas coparon la movilizaci\u00f3n y se enfrentaron con las fuerzas de seguridad.<\/h2>\n\n\n\n<p>Una mujer de la Polic\u00eda de la Ciudad fue herida por una pedrada en la cabeza, en las inmediaciones de un supermercado, mientras que otro agente sufri\u00f3 una herida de arma de fuego y una fractura.<\/p>\n\n\n\n<p>En total, fueron 20 los uniformados lesionados, la mitad de ellos integrantes de la Polic\u00eda de la Ciudad: El\u00edas Montenegro (34 a\u00f1os, herido con arma de fuego en el brazo izquierdo); Wanda Edith Hurtado (Comisar\u00eda Vecinal 3B, golpe de piedra en la cabeza); subcomisario Jos\u00e9 An\u00edbal Rodr\u00edguez (Divisi\u00f3n Contravenciones y Faltas en Eventos Masivos); oficial Mayor Brian Alan Alfredo Rojo (Divisi\u00f3n Contravenciones y Faltas en Eventos Masivos); oficial Rodrigo Alberto Valdez (Divisi\u00f3n Comisar\u00eda Vecinal 15 C).<\/p>\n\n\n\n<p>Adem\u00e1s fueron heridos el oficial Enzo Agust\u00edn Paniagua (Divisi\u00f3n Comisar\u00eda Vecinal 12 A); oficial mayor Nahuel Rodrigo Galota (Departamento Comisar\u00eda Comunal 1 Sur); oficial primero Leonardo Gabriel Tamare\u00f1o (Divisi\u00f3n Comisar\u00eda Vecinal 12 A); oficial mayor Nelson Rom\u00e1n L\u00f3pez (Departamento Operaciones Urbanas de Contenci\u00f3n Grupo 1) y oficial Ezequiel Maximiliano Lazarte (Servicios M\u00f3viles de Prevenci\u00f3n).<\/p>\n\n\n\n<p>Otros diez efectivos de la Polic\u00eda Federal, Prefectura Naval y Gendarmer\u00eda Nacional tambi\u00e9n resultaron heridos.<\/p>\n","protected":false},"excerpt":{"rendered":"<p>Un total de 20 polic&iacute;as resultaron heridos, uno de ellos baleado y una oficial agredida de un piedrazo en la cabeza, es el saldo tras los violentos incidentes en los alrededores del Congreso, donde los barrabravas coparon la movilizaci&oacute;n y se enfrentaron con las fuerzas de seguridad. Una mujer de la Polic&iacute;a de la Ciudad [&hellip;]<\/p>\n","protected":false},"author":2,"featured_media":12092,"comment_status":"open","ping_status":"open","sticky":false,"template":"","format":"standard","meta":{"footnotes":""},"categories":[5,176],"tags":[2023,1264,971,3819],"class_list":["post-12091","post","type-post","status-publish","format-standard","has-post-thumbnail","hentry","category-nacionales","category-politica","tag-heridos","tag-jubilados","tag-marcha","tag-policias"],"_links":{"self":[{"href":"https:\/\/partediario.com.ar\/index.php?rest_route=\/wp\/v2\/posts\/12091","targetHints":{"allow":["GET"]}}],"collection":[{"href":"https:\/\/partediario.com.ar\/index.php?rest_route=\/wp\/v2\/posts"}],"about":[{"href":"https:\/\/partediario.com.ar\/index.php?rest_route=\/wp\/v2\/types\/post"}],"author":[{"embeddable":true,"href":"https:\/\/partediario.com.ar\/index.php?rest_route=\/wp\/v2\/users\/2"}],"replies":[{"embeddable":true,"href":"https:\/\/partediario.com.ar\/index.php?rest_route=%2Fwp%2Fv2%2Fcomments&post=12091"}],"version-history":[{"count":1,"href":"https:\/\/partediario.com.ar\/index.php?rest_route=\/wp\/v2\/posts\/12091\/revisions"}],"predecessor-version":[{"id":12093,"href":"https:\/\/partediario.com.ar\/index.php?rest_route=\/wp\/v2\/posts\/12091\/revisions\/12093"}],"wp:featuredmedia":[{"embeddable":true,"href":"https:\/\/partediario.com.ar\/index.php?rest_route=\/wp\/v2\/media\/12092"}],"wp:attachment":[{"href":"https:\/\/partediario.com.ar\/index.php?rest_route=%2Fwp%2Fv2%2Fmedia&parent=12091"}],"wp:term":[{"taxonomy":"category","embeddable":true,"href":"https:\/\/partediario.com.ar\/index.php?rest_route=%2Fwp%2Fv2%2Fcategories&post=12091"},{"taxonomy":"post_tag","embeddable":true,"href":"https:\/\/partediario.com.ar\/index.php?rest_route=%2Fwp%2Fv2%2Ftags&post=12091"}],"curies":[{"name":"wp","href":"https:\/\/api.w.org\/{rel}","templated":true}]}}