{"id":12106,"date":"2025-03-13T09:50:43","date_gmt":"2025-03-13T12:50:43","guid":{"rendered":"https:\/\/partediario.com.ar\/?p=12106"},"modified":"2025-03-15T09:47:23","modified_gmt":"2025-03-15T12:47:23","slug":"liberaron-a-94-personas-tras-los-hechos-de-violencia-en-la-zona-del-congreso","status":"publish","type":"post","link":"https:\/\/partediario.com.ar\/?p=12106","title":{"rendered":"Liberaron a 94 personas tras los hechos de violencia en la zona del Congreso"},"content":{"rendered":"\n<h2 class=\"wp-block-heading\">Hay 71 hombres y 23 mujeres acusadas de atentado, resistencia, lesiones y da\u00f1os. Cinco de los veinte oficiales de la Polic\u00eda de la Ciudad lesionados siguen internados.<\/h2>\n\n\n\n<p>El \u00faltimo parte de lesionados y detenidos por efectivos de la Polic\u00eda de la Ciudad durante los graves incidentes en las afueras del Congreso indica que 94 personas fueron liberadas, aunque primero quedaron imputadas por diversos delitos.<\/p>\n\n\n\n<p>En el escrito de liberaci\u00f3n, se detalla que los liberados quedaron imputados por los delitos de atentado, resistencia, lesiones y da\u00f1os.<\/p>\n\n\n\n<p>Se trata de 71 hombres y 23 mujeres, a quienes se les notific\u00f3 por tandas de la iniciaci\u00f3n de la causa en su contra y la citaci\u00f3n para declarar ante la Unidad de Flagrancia Este.<\/p>\n\n\n\n<p>Noticia en desarrollo\u2026<\/p>\n","protected":false},"excerpt":{"rendered":"<p>Hay 71 hombres y 23 mujeres acusadas de atentado, resistencia, lesiones y da&ntilde;os. Cinco de los veinte oficiales de la Polic&iacute;a de la Ciudad lesionados siguen internados. El &uacute;ltimo parte de lesionados y detenidos por efectivos de la Polic&iacute;a de la Ciudad durante los graves incidentes en las afueras del Congreso indica que 94 personas [&hellip;]<\/p>\n","protected":false},"author":2,"featured_media":12107,"comment_status":"open","ping_status":"open","sticky":false,"template":"","format":"standard","meta":{"footnotes":""},"categories":[979,5,176],"tags":[229,465,1686,1264,5633,971],"class_list":["post-12106","post","type-post","status-publish","format-standard","has-post-thumbnail","hentry","category-judiciales","category-nacionales","category-politica","tag-congreso","tag-detenidos","tag-imputados","tag-jubilados","tag-liberados","tag-marcha"],"_links":{"self":[{"href":"https:\/\/partediario.com.ar\/index.php?rest_route=\/wp\/v2\/posts\/12106","targetHints":{"allow":["GET"]}}],"collection":[{"href":"https:\/\/partediario.com.ar\/index.php?rest_route=\/wp\/v2\/posts"}],"about":[{"href":"https:\/\/partediario.com.ar\/index.php?rest_route=\/wp\/v2\/types\/post"}],"author":[{"embeddable":true,"href":"https:\/\/partediario.com.ar\/index.php?rest_route=\/wp\/v2\/users\/2"}],"replies":[{"embeddable":true,"href":"https:\/\/partediario.com.ar\/index.php?rest_route=%2Fwp%2Fv2%2Fcomments&post=12106"}],"version-history":[{"count":1,"href":"https:\/\/partediario.com.ar\/index.php?rest_route=\/wp\/v2\/posts\/12106\/revisions"}],"predecessor-version":[{"id":12108,"href":"https:\/\/partediario.com.ar\/index.php?rest_route=\/wp\/v2\/posts\/12106\/revisions\/12108"}],"wp:featuredmedia":[{"embeddable":true,"href":"https:\/\/partediario.com.ar\/index.php?rest_route=\/wp\/v2\/media\/12107"}],"wp:attachment":[{"href":"https:\/\/partediario.com.ar\/index.php?rest_route=%2Fwp%2Fv2%2Fmedia&parent=12106"}],"wp:term":[{"taxonomy":"category","embeddable":true,"href":"https:\/\/partediario.com.ar\/index.php?rest_route=%2Fwp%2Fv2%2Fcategories&post=12106"},{"taxonomy":"post_tag","embeddable":true,"href":"https:\/\/partediario.com.ar\/index.php?rest_route=%2Fwp%2Fv2%2Ftags&post=12106"}],"curies":[{"name":"wp","href":"https:\/\/api.w.org\/{rel}","templated":true}]}}