{"id":12130,"date":"2025-03-15T09:46:36","date_gmt":"2025-03-15T12:46:36","guid":{"rendered":"https:\/\/partediario.com.ar\/?p=12130"},"modified":"2025-03-16T11:48:10","modified_gmt":"2025-03-16T14:48:10","slug":"hay-que-derrotar-este-modelo-con-lucha-social-en-las-calles-expreso-persico","status":"publish","type":"post","link":"https:\/\/partediario.com.ar\/?p=12130","title":{"rendered":"\u00abHay que derrotar este modelo con lucha social en las calles\u00bb, expres\u00f3 P\u00e9rsico"},"content":{"rendered":"\n<h2 class=\"wp-block-heading\">El l\u00edder del Movimiento Evita, Emilio P\u00e9rsico, asegur\u00f3 hoy que las agrupaciones sociales deben derrotar al gobierno del presidente Javier Milei en las calles.<\/h2>\n\n\n\n<p>\u00abCreo que tenemos que derrotar el modelo este y hay que derrotarlo con la lucha social y pol\u00edtica. Esto se hace en las calles con huelgas y conflictos\u00bb, se\u00f1al\u00f3 P\u00e9rsico en declaraciones radiales.<\/p>\n\n\n\n<p>Para el referente social, \u00abla situaci\u00f3n es cada vez peor\u00bb y deben \u00absalir a protestar, m\u00e1s all\u00e1 de esta pol\u00edtica represiva\u00bb.<\/p>\n\n\n\n<p>\u00abLos viejos nos est\u00e1n dando un ejemplo. Yo fui amigo y compa\u00f1ero con Norma Pl\u00e1 contra el modelo econ\u00f3mico de Domingo Cavallo\u00bb, haciendo referencia a los jubilados.<\/p>\n\n\n\n<p>Y finaliz\u00f3: \u00abElla fue ejemplo en ese momento para que despu\u00e9s muchos sectores casi derrotaran a un modelo y Gobierno, por eso fue posible el proceso de N\u00e9stor y Cristina Kirchner\u00bb.<\/p>\n","protected":false},"excerpt":{"rendered":"<p>El l&iacute;der del Movimiento Evita, Emilio P&eacute;rsico, asegur&oacute; hoy que las agrupaciones sociales deben derrotar al gobierno del presidente Javier Milei en las calles. &laquo;Creo que tenemos que derrotar el modelo este y hay que derrotarlo con la lucha social y pol&iacute;tica. Esto se hace en las calles con huelgas y conflictos&raquo;, se&ntilde;al&oacute; P&eacute;rsico en [&hellip;]<\/p>\n","protected":false},"author":2,"featured_media":12131,"comment_status":"open","ping_status":"open","sticky":false,"template":"","format":"standard","meta":{"footnotes":""},"categories":[5,176],"tags":[5647,3789,5648,5649,682],"class_list":["post-12130","post","type-post","status-publish","format-standard","has-post-thumbnail","hentry","category-nacionales","category-politica","tag-emilio-persico","tag-lucha","tag-movimiento-evita","tag-norma-pla","tag-social"],"_links":{"self":[{"href":"https:\/\/partediario.com.ar\/index.php?rest_route=\/wp\/v2\/posts\/12130","targetHints":{"allow":["GET"]}}],"collection":[{"href":"https:\/\/partediario.com.ar\/index.php?rest_route=\/wp\/v2\/posts"}],"about":[{"href":"https:\/\/partediario.com.ar\/index.php?rest_route=\/wp\/v2\/types\/post"}],"author":[{"embeddable":true,"href":"https:\/\/partediario.com.ar\/index.php?rest_route=\/wp\/v2\/users\/2"}],"replies":[{"embeddable":true,"href":"https:\/\/partediario.com.ar\/index.php?rest_route=%2Fwp%2Fv2%2Fcomments&post=12130"}],"version-history":[{"count":1,"href":"https:\/\/partediario.com.ar\/index.php?rest_route=\/wp\/v2\/posts\/12130\/revisions"}],"predecessor-version":[{"id":12132,"href":"https:\/\/partediario.com.ar\/index.php?rest_route=\/wp\/v2\/posts\/12130\/revisions\/12132"}],"wp:featuredmedia":[{"embeddable":true,"href":"https:\/\/partediario.com.ar\/index.php?rest_route=\/wp\/v2\/media\/12131"}],"wp:attachment":[{"href":"https:\/\/partediario.com.ar\/index.php?rest_route=%2Fwp%2Fv2%2Fmedia&parent=12130"}],"wp:term":[{"taxonomy":"category","embeddable":true,"href":"https:\/\/partediario.com.ar\/index.php?rest_route=%2Fwp%2Fv2%2Fcategories&post=12130"},{"taxonomy":"post_tag","embeddable":true,"href":"https:\/\/partediario.com.ar\/index.php?rest_route=%2Fwp%2Fv2%2Ftags&post=12130"}],"curies":[{"name":"wp","href":"https:\/\/api.w.org\/{rel}","templated":true}]}}