{"id":12164,"date":"2025-03-17T14:39:18","date_gmt":"2025-03-17T17:39:18","guid":{"rendered":"https:\/\/partediario.com.ar\/?p=12164"},"modified":"2025-03-18T18:27:43","modified_gmt":"2025-03-18T21:27:43","slug":"por-mayor-presupuesto-y-mejora-salarial-para-docentes-y-no-docentes-se-llevara-adelante-el-paro-universitario","status":"publish","type":"post","link":"https:\/\/partediario.com.ar\/?p=12164","title":{"rendered":"\u00abPor mayor presupuesto y mejora salarial para docentes y no docentes\u00bb, se llevar\u00e1 adelante el paro universitario"},"content":{"rendered":"\n<h2 class=\"wp-block-heading\">El secretario adjunto de la Federaci\u00f3n Argentina de Trabajadores de las Universidades Nacionales (Fatun), Jorge Anr\u00f3, confirm\u00f3 la adhesi\u00f3n al paro de 48 horas que se realiza hoy y ma\u00f1ana en reclamo por el presupuesto universitario y mejoras salariales para docentes y no docentes.<\/h2>\n\n\n\n<p>\u00abEstamos realizando un paro de 48 horas en reclamo del presupuesto universitario, que a pesar de la lucha que dimos todo el a\u00f1o pasado, con dos marchas hist\u00f3ricas y m\u00faltiples actividades, no tuvo respuesta del Gobierno\u00bb, se\u00f1al\u00f3 Anr\u00f3 en declaraciones radiales.<\/p>\n\n\n\n<p>El dirigente gremial subray\u00f3 que la lucha no es solo por los salarios, sino tambi\u00e9n por el financiamiento de becas estudiantiles, inversi\u00f3n en ciencia, tecnolog\u00eda e investigaci\u00f3n.<\/p>\n\n\n\n<p>Y a\u00e1di\u00f3 que: \u00abTambi\u00e9n se trata del deterioro del funcionamiento de las universidades, que necesitan recursos para mantenerse como la instituci\u00f3n m\u00e1s prestigiosa del pa\u00eds\u00bb.<\/p>\n\n\n\n<p>La decisi\u00f3n de realizar el paro de 48 horas fue tomada en la primera reuni\u00f3n del a\u00f1o del Frente Sindical, con la participaci\u00f3n de representantes de diversas organizaciones gremiales del sector:<\/p>\n\n\n\n<ul class=\"wp-block-list\">\n<li>Federaci\u00f3n Argentina de Trabajadores de las Universidades Nacionales (Fatun)<\/li>\n\n\n\n<li>Federaci\u00f3n Nacional de Docentes, Investigadores y Creadores Universitarios (Conadu Hist\u00f3rica)<\/li>\n\n\n\n<li>Federaci\u00f3n Nacional de Docentes Universitarios (Conadu)<\/li>\n\n\n\n<li>Federaci\u00f3n de Docentes de las Universidades (Fedun)<\/li>\n\n\n\n<li>Confederaci\u00f3n de Trabajadores de la Educaci\u00f3n de la Rep\u00fablica Argentina (Ctera)<\/li>\n\n\n\n<li>Asociaci\u00f3n Gremial de Docentes de la Universidad Tecnol\u00f3gica Nacional (Fagdut)<\/li>\n\n\n\n<li>Uni\u00f3n Docentes Argentinos (UDA)<\/li>\n<\/ul>\n\n\n\n<p>El sector universitario espera una respuesta urgente del Gobierno, mientras alerta sobre el impacto del ajuste en la educaci\u00f3n p\u00fablica.<\/p>\n","protected":false},"excerpt":{"rendered":"<p>El secretario adjunto de la Federaci&oacute;n Argentina de Trabajadores de las Universidades Nacionales (Fatun), Jorge Anr&oacute;, confirm&oacute; la adhesi&oacute;n al paro de 48 horas que se realiza hoy y ma&ntilde;ana en reclamo por el presupuesto universitario y mejoras salariales para docentes y no docentes. &laquo;Estamos realizando un paro de 48 horas en reclamo del presupuesto [&hellip;]<\/p>\n","protected":false},"author":2,"featured_media":12165,"comment_status":"open","ping_status":"open","sticky":false,"template":"","format":"standard","meta":{"footnotes":""},"categories":[978,5,726],"tags":[5665,5663,691,3197],"class_list":["post-12164","post","type-post","status-publish","format-standard","has-post-thumbnail","hentry","category-gremiales","category-nacionales","category-sociedad","tag-fatun","tag-jorge-anro","tag-paro","tag-universitario"],"_links":{"self":[{"href":"https:\/\/partediario.com.ar\/index.php?rest_route=\/wp\/v2\/posts\/12164","targetHints":{"allow":["GET"]}}],"collection":[{"href":"https:\/\/partediario.com.ar\/index.php?rest_route=\/wp\/v2\/posts"}],"about":[{"href":"https:\/\/partediario.com.ar\/index.php?rest_route=\/wp\/v2\/types\/post"}],"author":[{"embeddable":true,"href":"https:\/\/partediario.com.ar\/index.php?rest_route=\/wp\/v2\/users\/2"}],"replies":[{"embeddable":true,"href":"https:\/\/partediario.com.ar\/index.php?rest_route=%2Fwp%2Fv2%2Fcomments&post=12164"}],"version-history":[{"count":1,"href":"https:\/\/partediario.com.ar\/index.php?rest_route=\/wp\/v2\/posts\/12164\/revisions"}],"predecessor-version":[{"id":12166,"href":"https:\/\/partediario.com.ar\/index.php?rest_route=\/wp\/v2\/posts\/12164\/revisions\/12166"}],"wp:featuredmedia":[{"embeddable":true,"href":"https:\/\/partediario.com.ar\/index.php?rest_route=\/wp\/v2\/media\/12165"}],"wp:attachment":[{"href":"https:\/\/partediario.com.ar\/index.php?rest_route=%2Fwp%2Fv2%2Fmedia&parent=12164"}],"wp:term":[{"taxonomy":"category","embeddable":true,"href":"https:\/\/partediario.com.ar\/index.php?rest_route=%2Fwp%2Fv2%2Fcategories&post=12164"},{"taxonomy":"post_tag","embeddable":true,"href":"https:\/\/partediario.com.ar\/index.php?rest_route=%2Fwp%2Fv2%2Ftags&post=12164"}],"curies":[{"name":"wp","href":"https:\/\/api.w.org\/{rel}","templated":true}]}}