{"id":12167,"date":"2025-03-17T14:43:49","date_gmt":"2025-03-17T17:43:49","guid":{"rendered":"https:\/\/partediario.com.ar\/?p=12167"},"modified":"2025-03-18T18:27:38","modified_gmt":"2025-03-18T21:27:38","slug":"internaron-de-urgencia-a-alfredo-casero","status":"publish","type":"post","link":"https:\/\/partediario.com.ar\/?p=12167","title":{"rendered":"Internaron de urgencia a Alfredo Casero"},"content":{"rendered":"\n<h2 class=\"wp-block-heading\">Alfredo Casero fue internado de urgencia en la cl\u00ednica San Camilo por un problema en su cadera que padece hace siete meses. Seg\u00fan se supo, el actor ingreso a la instituci\u00f3n m\u00e9dica, ubicada en el barrio porte\u00f1o de Caballito, alrededor de las 6 am.<\/h2>\n\n\n\n<p>Una fuente cercana a Casero se\u00f1al\u00f3 a los medios, que el actor ingres\u00f3 al quir\u00f3fano a las 8:45 am, junto a su hija Minerva, para realizarse una operaci\u00f3n delicada de cadera. Seg\u00fan inform\u00f3 la fuente, la pierna del humorista podr\u00eda \u00abestar comprometida\u201d en la intervenci\u00f3n.<\/p>\n\n\n\n<p>A fines de enero el actor estuvo internado en la Cl\u00ednica Zabala debido a una infecci\u00f3n en la cadera y, seg\u00fan se supo en aquel entonces, se habr\u00eda ido de la instituci\u00f3n sin recibir el alta m\u00e9dica correspondiente para poder cumplir con su obra teatral Cha Cha Cha.<\/p>\n\n\n\n<p>\u201cViene con dolores hace siete meses\u201d, precisaron desde el entorno del actor, dando a entender que esta fue la verdadera raz\u00f3n que lo llevaron a suspender las funciones teatrales: \u201cLa \u00faltima funci\u00f3n se fue en silla de ruedas\u201d, se\u00f1alaron.<\/p>\n\n\n\n<p>Hasta ahora no hay novedades del estado de salud de Caseros, ni parte m\u00e9dico oficial.<\/p>\n","protected":false},"excerpt":{"rendered":"<p>Alfredo Casero fue internado de urgencia en la cl&iacute;nica San Camilo por un problema en su cadera que padece hace siete meses. Seg&uacute;n se supo, el actor ingreso a la instituci&oacute;n m&eacute;dica, ubicada en el barrio porte&ntilde;o de Caballito, alrededor de las 6 am. Una fuente cercana a Casero se&ntilde;al&oacute; a los medios, que el [&hellip;]<\/p>\n","protected":false},"author":2,"featured_media":12168,"comment_status":"open","ping_status":"open","sticky":false,"template":"","format":"standard","meta":{"footnotes":""},"categories":[4329,5,726],"tags":[5667,3548,5666],"class_list":["post-12167","post","type-post","status-publish","format-standard","has-post-thumbnail","hentry","category-espectaculos","category-nacionales","category-sociedad","tag-alfredo-casero","tag-internaron","tag-urgencia"],"_links":{"self":[{"href":"https:\/\/partediario.com.ar\/index.php?rest_route=\/wp\/v2\/posts\/12167","targetHints":{"allow":["GET"]}}],"collection":[{"href":"https:\/\/partediario.com.ar\/index.php?rest_route=\/wp\/v2\/posts"}],"about":[{"href":"https:\/\/partediario.com.ar\/index.php?rest_route=\/wp\/v2\/types\/post"}],"author":[{"embeddable":true,"href":"https:\/\/partediario.com.ar\/index.php?rest_route=\/wp\/v2\/users\/2"}],"replies":[{"embeddable":true,"href":"https:\/\/partediario.com.ar\/index.php?rest_route=%2Fwp%2Fv2%2Fcomments&post=12167"}],"version-history":[{"count":1,"href":"https:\/\/partediario.com.ar\/index.php?rest_route=\/wp\/v2\/posts\/12167\/revisions"}],"predecessor-version":[{"id":12169,"href":"https:\/\/partediario.com.ar\/index.php?rest_route=\/wp\/v2\/posts\/12167\/revisions\/12169"}],"wp:featuredmedia":[{"embeddable":true,"href":"https:\/\/partediario.com.ar\/index.php?rest_route=\/wp\/v2\/media\/12168"}],"wp:attachment":[{"href":"https:\/\/partediario.com.ar\/index.php?rest_route=%2Fwp%2Fv2%2Fmedia&parent=12167"}],"wp:term":[{"taxonomy":"category","embeddable":true,"href":"https:\/\/partediario.com.ar\/index.php?rest_route=%2Fwp%2Fv2%2Fcategories&post=12167"},{"taxonomy":"post_tag","embeddable":true,"href":"https:\/\/partediario.com.ar\/index.php?rest_route=%2Fwp%2Fv2%2Ftags&post=12167"}],"curies":[{"name":"wp","href":"https:\/\/api.w.org\/{rel}","templated":true}]}}