{"id":12177,"date":"2025-03-17T14:58:08","date_gmt":"2025-03-17T17:58:08","guid":{"rendered":"https:\/\/partediario.com.ar\/?p=12177"},"modified":"2025-03-18T18:27:23","modified_gmt":"2025-03-18T21:27:23","slug":"se-inicia-una-nueva-etapa-en-la-aviacion-de-america-latina-y-el-caribe","status":"publish","type":"post","link":"https:\/\/partediario.com.ar\/?p=12177","title":{"rendered":"Se inicia una nueva etapa en la aviaci\u00f3n de Am\u00e9rica Latina y el Caribe"},"content":{"rendered":"\n<h2 class=\"wp-block-heading\">El vicepresidente para Am\u00e9rica de la Asociaci\u00f3n de Transporte A\u00e9reo Internacional (IATA), Peter Cerda, asumi\u00f3 hoy como titular de la Asociaci\u00f3n Latinoamericana y del Caribe de Transporte A\u00e9reo (ALTA), manteniendo simult\u00e1neamente su cargo en el organismo mundial.<\/h2>\n\n\n\n<p>\u201cCon mucho entusiasmo comienzo hoy mi rol como CEO de ALTA, cargo que asumo junto a mis responsabilidades actuales como Vicepresidente Regional para las Am\u00e9ricas de IATA, para abordar las necesidades de sus miembros, entre ellos, las aerol\u00edneas responsables de m\u00e1s del 80% del tr\u00e1fico a\u00e9reo de la regi\u00f3n y promover un ecosistema aeron\u00e1utico m\u00e1s integrado, eficiente y sostenible\u201d, se\u00f1al\u00f3 Cerda en un comunicado difundido hoy.<\/p>\n\n\n\n<p>\u201cLa aviaci\u00f3n es clave para la prosperidad social y econ\u00f3mica de nuestra regi\u00f3n. El transporte a\u00e9reo gener\u00f3 8,3 millones de puestos de trabajo y aport\u00f3 240.000 millones de d\u00f3lares al PIB de Am\u00e9rica Latina y el Caribe en 2023. ALTA juega un papel fundamental en hacer m\u00e1s accesible este medio de transporte para un mayor n\u00famero de personas, para conectar comunidades, impulsar el turismo, el comercio y la creaci\u00f3n de empleo en nuestros pa\u00edses\u201d, destac\u00f3.<\/p>\n\n\n\n<p>Luego especific\u00f3 que \u201clos desaf\u00edos son grandes, por eso el camino que ALTA tiene por delante es el de la colaboraci\u00f3n y la innovaci\u00f3n: Trabajando codo con codo y mediante un di\u00e1logo abierto y transparente con gobiernos y socios del sector. Nuestro objetivo es claro: modernizar los marcos normativos, impulsar la competitividad y mejorar las infraestructuras para satisfacer las demandas futuras. La sostenibilidad ser\u00e1 nuestro punto de partida, garantizando un progreso en armon\u00eda con el medio ambiente y adaptado a nuestro contexto regional\u201d.<\/p>\n\n\n\n<p>Finaliza subrayando que reafirma su \u201ccompromiso con la comunidad aeron\u00e1utica de Am\u00e9rica Latina y el Caribe, para impulsar una aviaci\u00f3n que conecte destinos, cree oportunidades y proteja el planeta. Agradezco la confianza depositada en m\u00ed por el Comit\u00e9 Ejecutivo y con un equipo dedicado y talentoso a mi lado, me comprometo a dirigir este nuevo cap\u00edtulo de ALTA con pasi\u00f3n y visi\u00f3n. Juntos, alcanzaremos nuevas alturas, creando un futuro m\u00e1s pr\u00f3spero y conectado para el transporte a\u00e9reo en Am\u00e9rica Latina y el Caribe\u201d, finaliz\u00f3.<\/p>\n","protected":false},"excerpt":{"rendered":"<p>El vicepresidente para Am&eacute;rica de la Asociaci&oacute;n de Transporte A&eacute;reo Internacional (IATA), Peter Cerda, asumi&oacute; hoy como titular de la Asociaci&oacute;n Latinoamericana y del Caribe de Transporte A&eacute;reo (ALTA), manteniendo simult&aacute;neamente su cargo en el organismo mundial. &ldquo;Con mucho entusiasmo comienzo hoy mi rol como CEO de ALTA, cargo que asumo junto a mis responsabilidades [&hellip;]<\/p>\n","protected":false},"author":2,"featured_media":12178,"comment_status":"open","ping_status":"open","sticky":false,"template":"","format":"standard","meta":{"footnotes":""},"categories":[9,726],"tags":[4583,4094,5672,5671],"class_list":["post-12177","post","type-post","status-publish","format-standard","has-post-thumbnail","hentry","category-internacionales","category-sociedad","tag-alta","tag-asumio","tag-iata","tag-peter-cerda"],"_links":{"self":[{"href":"https:\/\/partediario.com.ar\/index.php?rest_route=\/wp\/v2\/posts\/12177","targetHints":{"allow":["GET"]}}],"collection":[{"href":"https:\/\/partediario.com.ar\/index.php?rest_route=\/wp\/v2\/posts"}],"about":[{"href":"https:\/\/partediario.com.ar\/index.php?rest_route=\/wp\/v2\/types\/post"}],"author":[{"embeddable":true,"href":"https:\/\/partediario.com.ar\/index.php?rest_route=\/wp\/v2\/users\/2"}],"replies":[{"embeddable":true,"href":"https:\/\/partediario.com.ar\/index.php?rest_route=%2Fwp%2Fv2%2Fcomments&post=12177"}],"version-history":[{"count":1,"href":"https:\/\/partediario.com.ar\/index.php?rest_route=\/wp\/v2\/posts\/12177\/revisions"}],"predecessor-version":[{"id":12179,"href":"https:\/\/partediario.com.ar\/index.php?rest_route=\/wp\/v2\/posts\/12177\/revisions\/12179"}],"wp:featuredmedia":[{"embeddable":true,"href":"https:\/\/partediario.com.ar\/index.php?rest_route=\/wp\/v2\/media\/12178"}],"wp:attachment":[{"href":"https:\/\/partediario.com.ar\/index.php?rest_route=%2Fwp%2Fv2%2Fmedia&parent=12177"}],"wp:term":[{"taxonomy":"category","embeddable":true,"href":"https:\/\/partediario.com.ar\/index.php?rest_route=%2Fwp%2Fv2%2Fcategories&post=12177"},{"taxonomy":"post_tag","embeddable":true,"href":"https:\/\/partediario.com.ar\/index.php?rest_route=%2Fwp%2Fv2%2Ftags&post=12177"}],"curies":[{"name":"wp","href":"https:\/\/api.w.org\/{rel}","templated":true}]}}