{"id":12188,"date":"2025-03-17T19:06:07","date_gmt":"2025-03-17T22:06:07","guid":{"rendered":"https:\/\/partediario.com.ar\/?p=12188"},"modified":"2025-03-18T18:27:11","modified_gmt":"2025-03-18T21:27:11","slug":"bullrich-anuncio-que-ingreso-a-diputados-el-proyecto-de-ley-antibarras-tipifica-el-delito-en-asociacion-ilicita-especial-senalo","status":"publish","type":"post","link":"https:\/\/partediario.com.ar\/?p=12188","title":{"rendered":"Bullrich anunci\u00f3 que ingres\u00f3 a Diputados el proyecto de ley Antibarras: \u00abTipifica el delito en asociaci\u00f3n il\u00edcita especial\u00bb, se\u00f1al\u00f3"},"content":{"rendered":"\n<h2 class=\"wp-block-heading\">La iniciativa estaba en confecci\u00f3n desde hac\u00eda tiempo, pero su presentaci\u00f3n se aceler\u00f3 luego de que la semana pasada se produjeran fuertes disturbios en la movilizaci\u00f3n al Congreso que convocaron jubilados y a la que luego se sumaron hinchas y que fue calificada por el Gobierno como la \u00abmarcha de los barras\u00bb.<\/h2>\n\n\n\n<p>\u00abSe ampl\u00eda a todos los negociados que rodean a la actividad de estas barras bravas, como aquellos mecanismos que generan un tipo de financiamiento que en muchos casos est\u00e1 avalado por las conducciones de los clubes\u00bb, al igual que a los dirigentes que permiten esas pr\u00e1cticas, argument\u00f3 la iniciativa Patricia Bullrich en una conferencia de prensa en la Casa Rosada.<\/p>\n\n\n\n<p>Bullrich prometi\u00f3 que a trav\u00e9s del proyecto de ley Antibarras \u00ablos que generan hechos de violencia no van a poder ingresar a los estadios\u00bb de f\u00fatbol. \u00abProhibir la entrada a la cancha implica desarmar la l\u00f3gica de los negociados que se generan muchas veces entre conducciones de clubes y barras\u00bb, indic\u00f3.<\/p>\n\n\n\n<p>De acuerdo a la funcionaria, actualmente hay \u00ab15 mil personas impedidas de ingresar a las canchas argentinas\u00bb, pero plante\u00f3 la necesidad de avanzar sobre \u00ablos negociados que rodean a la actividad de las barras\u00bb, como por ejemplo \u00abcastigando a los dirigentes que facilitan entradas y micros o el ingreso de elementos contundentes o armas a las canchas\u00bb, algo que contempla este proyecto.<\/p>\n\n\n\n<p>\u00abYa bajamos de manera sustancial la violencia pero esta ley va a seguir bajando la violencia en el f\u00fatbol. Es exitoso el programa Tribunas Seguras pero le faltaba ir a fondo para que las barras no vayan a los estadios y desarticularlas como organizaciones criminales\u00bb, remarc\u00f3 Bullrich.<\/p>\n\n\n\n<p>Adem\u00e1s, se despeg\u00f3 de la situaci\u00f3n de la prohibici\u00f3n que rige desde hace doce a\u00f1os para los hinchas visitantes puedan aisit a los estadios: \u00abLo de los visitantes es responsabilidad de cada distrito, no es una cuesti\u00f3n federal, es de las ciudades y las provincias\u00bb, consider\u00f3.<\/p>\n\n\n\n<p>El proyecto, redactado por el equipo de abogados del Ministerio de Seguridad, busca tipificar a las barras como un tipo especial de asociaci\u00f3n il\u00edcita y, por ende, ser tratadas como organizaciones criminales. Se pretende as\u00ed llenar los vac\u00edos legales que hasta ahora permit\u00edan a las barras bravas actuar pr\u00e1cticamente con impunidad.<\/p>\n\n\n\n<p>El proyecto hace foco tambi\u00e9n en los dirigentes de los clubes de f\u00fatbol y prev\u00e9 sanciones de c\u00e1rcel para ellos, en caso de que se demuestre una relaci\u00f3n de connivencia o apoyo log\u00edstico a los barras.<\/p>\n","protected":false},"excerpt":{"rendered":"<p>La iniciativa estaba en confecci&oacute;n desde hac&iacute;a tiempo, pero su presentaci&oacute;n se aceler&oacute; luego de que la semana pasada se produjeran fuertes disturbios en la movilizaci&oacute;n al Congreso que convocaron jubilados y a la que luego se sumaron hinchas y que fue calificada por el Gobierno como la &laquo;marcha de los barras&raquo;. &laquo;Se ampl&iacute;a a [&hellip;]<\/p>\n","protected":false},"author":2,"featured_media":12189,"comment_status":"open","ping_status":"open","sticky":false,"template":"","format":"standard","meta":{"footnotes":""},"categories":[5,176],"tags":[310,1160,510,804],"class_list":["post-12188","post","type-post","status-publish","format-standard","has-post-thumbnail","hentry","category-nacionales","category-politica","tag-diputados","tag-ley","tag-patricia-bullrich","tag-proyecto"],"_links":{"self":[{"href":"https:\/\/partediario.com.ar\/index.php?rest_route=\/wp\/v2\/posts\/12188","targetHints":{"allow":["GET"]}}],"collection":[{"href":"https:\/\/partediario.com.ar\/index.php?rest_route=\/wp\/v2\/posts"}],"about":[{"href":"https:\/\/partediario.com.ar\/index.php?rest_route=\/wp\/v2\/types\/post"}],"author":[{"embeddable":true,"href":"https:\/\/partediario.com.ar\/index.php?rest_route=\/wp\/v2\/users\/2"}],"replies":[{"embeddable":true,"href":"https:\/\/partediario.com.ar\/index.php?rest_route=%2Fwp%2Fv2%2Fcomments&post=12188"}],"version-history":[{"count":1,"href":"https:\/\/partediario.com.ar\/index.php?rest_route=\/wp\/v2\/posts\/12188\/revisions"}],"predecessor-version":[{"id":12190,"href":"https:\/\/partediario.com.ar\/index.php?rest_route=\/wp\/v2\/posts\/12188\/revisions\/12190"}],"wp:featuredmedia":[{"embeddable":true,"href":"https:\/\/partediario.com.ar\/index.php?rest_route=\/wp\/v2\/media\/12189"}],"wp:attachment":[{"href":"https:\/\/partediario.com.ar\/index.php?rest_route=%2Fwp%2Fv2%2Fmedia&parent=12188"}],"wp:term":[{"taxonomy":"category","embeddable":true,"href":"https:\/\/partediario.com.ar\/index.php?rest_route=%2Fwp%2Fv2%2Fcategories&post=12188"},{"taxonomy":"post_tag","embeddable":true,"href":"https:\/\/partediario.com.ar\/index.php?rest_route=%2Fwp%2Fv2%2Ftags&post=12188"}],"curies":[{"name":"wp","href":"https:\/\/api.w.org\/{rel}","templated":true}]}}