{"id":12193,"date":"2025-03-18T11:11:46","date_gmt":"2025-03-18T14:11:46","guid":{"rendered":"https:\/\/partediario.com.ar\/?p=12193"},"modified":"2025-03-18T11:11:46","modified_gmt":"2025-03-18T14:11:46","slug":"santa-elena-la-municipalidad-lleva-adelante-la-construccion-de-mas-espacios-publicos","status":"publish","type":"post","link":"https:\/\/partediario.com.ar\/?p=12193","title":{"rendered":"Santa Elena: la Municipalidad lleva adelante la construcci\u00f3n de m\u00e1s espacios p\u00fablicos"},"content":{"rendered":"\n<h2 class=\"wp-block-heading\">Se trata de un lugar para el disfrute de las infancias, con diversos juegos infantiles, luminarias y un puente.<\/h2>\n\n\n\n<p>El nuevo espacio con que contar\u00e1 la comunicada, va a contar con un puente para conectar ambos lados, juegos infantiles, luminarias y bancos en un entorno espectacular.<\/p>\n\n\n\n<p><\/p>\n\n\n\n<figure class=\"wp-block-image size-large\"><img loading=\"lazy\" decoding=\"async\" width=\"1024\" height=\"576\" src=\"https:\/\/partediario.com.ar\/wp-content\/uploads\/484938994_1138189584987176_2752323333011483439_n-1024x576.jpg\" alt=\"\" class=\"wp-image-12194\" srcset=\"https:\/\/partediario.com.ar\/wp-content\/uploads\/484938994_1138189584987176_2752323333011483439_n-1024x576.jpg 1024w, https:\/\/partediario.com.ar\/wp-content\/uploads\/484938994_1138189584987176_2752323333011483439_n-300x169.jpg 300w, https:\/\/partediario.com.ar\/wp-content\/uploads\/484938994_1138189584987176_2752323333011483439_n-768x432.jpg 768w, https:\/\/partediario.com.ar\/wp-content\/uploads\/484938994_1138189584987176_2752323333011483439_n.jpg 1280w\" sizes=\"auto, (max-width: 1024px) 100vw, 1024px\" \/><\/figure>\n\n\n\n<p><\/p>\n\n\n\n<figure class=\"wp-block-image size-large\"><img loading=\"lazy\" decoding=\"async\" width=\"1024\" height=\"576\" src=\"https:\/\/partediario.com.ar\/wp-content\/uploads\/485368230_1138189558320512_6962187307542198109_n-1024x576.jpg\" alt=\"\" class=\"wp-image-12195\" srcset=\"https:\/\/partediario.com.ar\/wp-content\/uploads\/485368230_1138189558320512_6962187307542198109_n-1024x576.jpg 1024w, https:\/\/partediario.com.ar\/wp-content\/uploads\/485368230_1138189558320512_6962187307542198109_n-300x169.jpg 300w, https:\/\/partediario.com.ar\/wp-content\/uploads\/485368230_1138189558320512_6962187307542198109_n-768x432.jpg 768w, https:\/\/partediario.com.ar\/wp-content\/uploads\/485368230_1138189558320512_6962187307542198109_n.jpg 1280w\" sizes=\"auto, (max-width: 1024px) 100vw, 1024px\" \/><\/figure>\n\n\n\n<p><\/p>\n\n\n\n<p>Este espacio es un punto m\u00e1s que impulsa el desarrollo comercial y el turismo. Un lugar ideal para disfrutar en la familia.<\/p>\n","protected":false},"excerpt":{"rendered":"<p>Se trata de un lugar para el disfrute de las infancias, con diversos juegos infantiles, luminarias y un puente. El nuevo espacio con que contar&aacute; la comunicada, va a contar con un puente para conectar ambos lados, juegos infantiles, luminarias y bancos en un entorno espectacular. Este espacio es un punto m&aacute;s que impulsa el [&hellip;]<\/p>\n","protected":false},"author":2,"featured_media":12196,"comment_status":"open","ping_status":"open","sticky":false,"template":"","format":"standard","meta":{"footnotes":""},"categories":[3272,726],"tags":[5679,2711,207],"class_list":["post-12193","post","type-post","status-publish","format-standard","has-post-thumbnail","hentry","category-municipales","category-sociedad","tag-infancias","tag-nuevo","tag-santa-elena"],"_links":{"self":[{"href":"https:\/\/partediario.com.ar\/index.php?rest_route=\/wp\/v2\/posts\/12193","targetHints":{"allow":["GET"]}}],"collection":[{"href":"https:\/\/partediario.com.ar\/index.php?rest_route=\/wp\/v2\/posts"}],"about":[{"href":"https:\/\/partediario.com.ar\/index.php?rest_route=\/wp\/v2\/types\/post"}],"author":[{"embeddable":true,"href":"https:\/\/partediario.com.ar\/index.php?rest_route=\/wp\/v2\/users\/2"}],"replies":[{"embeddable":true,"href":"https:\/\/partediario.com.ar\/index.php?rest_route=%2Fwp%2Fv2%2Fcomments&post=12193"}],"version-history":[{"count":1,"href":"https:\/\/partediario.com.ar\/index.php?rest_route=\/wp\/v2\/posts\/12193\/revisions"}],"predecessor-version":[{"id":12197,"href":"https:\/\/partediario.com.ar\/index.php?rest_route=\/wp\/v2\/posts\/12193\/revisions\/12197"}],"wp:featuredmedia":[{"embeddable":true,"href":"https:\/\/partediario.com.ar\/index.php?rest_route=\/wp\/v2\/media\/12196"}],"wp:attachment":[{"href":"https:\/\/partediario.com.ar\/index.php?rest_route=%2Fwp%2Fv2%2Fmedia&parent=12193"}],"wp:term":[{"taxonomy":"category","embeddable":true,"href":"https:\/\/partediario.com.ar\/index.php?rest_route=%2Fwp%2Fv2%2Fcategories&post=12193"},{"taxonomy":"post_tag","embeddable":true,"href":"https:\/\/partediario.com.ar\/index.php?rest_route=%2Fwp%2Fv2%2Ftags&post=12193"}],"curies":[{"name":"wp","href":"https:\/\/api.w.org\/{rel}","templated":true}]}}