{"id":12228,"date":"2025-03-19T10:11:36","date_gmt":"2025-03-19T13:11:36","guid":{"rendered":"https:\/\/partediario.com.ar\/?p=12228"},"modified":"2025-03-20T22:31:10","modified_gmt":"2025-03-21T01:31:10","slug":"atraparon-a-uno-de-los-sospechosos-de-prender-fuego-a-un-patrullero-durante-los-incidentes-en-la-marcha-de-los-jubilados","status":"publish","type":"post","link":"https:\/\/partediario.com.ar\/?p=12228","title":{"rendered":"Atraparon a uno de los sospechosos de prender fuego a un patrullero durante los incidentes en la marcha de los jubilados"},"content":{"rendered":"\n<h2 class=\"wp-block-heading\">Una de las personas sindicadas de prender fuego de manera intencional un patrullero de la Polic\u00eda de la Ciudad durante los graves incidentes en la marcha de los jubilados del mi\u00e9rcoles pasado, fue arrestado en el barrio porte\u00f1o de Floresta.<\/h2>\n\n\n\n<p>Fuentes policiales le informaron que se trata de Fernando David Yurquina quien en redes sociales se hace llamar Eric Morales y es sindicado como barra de All Boys.<\/p>\n\n\n\n<p>En la madrugada del mi\u00e9rcoles, horas previas de una nueva marcha frente al Congreso, personal de la Divisi\u00f3n Investigaciones Especiales de la Polic\u00eda de la Ciudad detuvo a uno de los responsables del incendio intencional del patrullero que qued\u00f3 varado en avenida de Mayo durante la marcha de los jubilados.<\/p>\n\n\n\n<p>\u201cYurquina fue identificado gracias al trabajo realizado con las im\u00e1genes recolectadas de medios p\u00fablicos y privados del d\u00eda de la marcha y de los incidentes y su compulsa con redes p\u00fablicas y privadas\u201d, se\u00f1alaron.<\/p>\n\n\n\n<p>Su identidad y todas las pruebas recolectadas fueron derivadas a la Jueza Karina Andrade, quien solicit\u00f3 la orden de allanamiento y detenci\u00f3n, la cual se llev\u00f3 a cabo esta madrugada logrando su arresto en el barrio de Floresta.<\/p>\n\n\n\n<p><\/p>\n\n\n\n<figure class=\"wp-block-image size-full\"><img loading=\"lazy\" decoding=\"async\" width=\"540\" height=\"720\" src=\"https:\/\/partediario.com.ar\/wp-content\/uploads\/Ropa-Barrabrava.webp\" alt=\"\" class=\"wp-image-12230\" srcset=\"https:\/\/partediario.com.ar\/wp-content\/uploads\/Ropa-Barrabrava.webp 540w, https:\/\/partediario.com.ar\/wp-content\/uploads\/Ropa-Barrabrava-225x300.webp 225w\" sizes=\"auto, (max-width: 540px) 100vw, 540px\" \/><\/figure>\n\n\n\n<p><\/p>\n\n\n\n<p>En el domicilio de Yurquina fueron halladas las ropas utilizadas el d\u00eda de la marcha y que sirvieron para confirmar su identificaci\u00f3n.<\/p>\n","protected":false},"excerpt":{"rendered":"<p>Una de las personas sindicadas de prender fuego de manera intencional un patrullero de la Polic&iacute;a de la Ciudad durante los graves incidentes en la marcha de los jubilados del mi&eacute;rcoles pasado, fue arrestado en el barrio porte&ntilde;o de Floresta. Fuentes policiales le informaron que se trata de Fernando David Yurquina quien en redes sociales [&hellip;]<\/p>\n","protected":false},"author":2,"featured_media":12229,"comment_status":"open","ping_status":"open","sticky":false,"template":"","format":"standard","meta":{"footnotes":""},"categories":[979,5,7],"tags":[5687,436,5688,456,4537],"class_list":["post-12228","post","type-post","status-publish","format-standard","has-post-thumbnail","hentry","category-judiciales","category-nacionales","category-policiales","tag-barrabrava","tag-detenido","tag-fernando-david-yurquina","tag-incendio","tag-patrullero"],"_links":{"self":[{"href":"https:\/\/partediario.com.ar\/index.php?rest_route=\/wp\/v2\/posts\/12228","targetHints":{"allow":["GET"]}}],"collection":[{"href":"https:\/\/partediario.com.ar\/index.php?rest_route=\/wp\/v2\/posts"}],"about":[{"href":"https:\/\/partediario.com.ar\/index.php?rest_route=\/wp\/v2\/types\/post"}],"author":[{"embeddable":true,"href":"https:\/\/partediario.com.ar\/index.php?rest_route=\/wp\/v2\/users\/2"}],"replies":[{"embeddable":true,"href":"https:\/\/partediario.com.ar\/index.php?rest_route=%2Fwp%2Fv2%2Fcomments&post=12228"}],"version-history":[{"count":1,"href":"https:\/\/partediario.com.ar\/index.php?rest_route=\/wp\/v2\/posts\/12228\/revisions"}],"predecessor-version":[{"id":12231,"href":"https:\/\/partediario.com.ar\/index.php?rest_route=\/wp\/v2\/posts\/12228\/revisions\/12231"}],"wp:featuredmedia":[{"embeddable":true,"href":"https:\/\/partediario.com.ar\/index.php?rest_route=\/wp\/v2\/media\/12229"}],"wp:attachment":[{"href":"https:\/\/partediario.com.ar\/index.php?rest_route=%2Fwp%2Fv2%2Fmedia&parent=12228"}],"wp:term":[{"taxonomy":"category","embeddable":true,"href":"https:\/\/partediario.com.ar\/index.php?rest_route=%2Fwp%2Fv2%2Fcategories&post=12228"},{"taxonomy":"post_tag","embeddable":true,"href":"https:\/\/partediario.com.ar\/index.php?rest_route=%2Fwp%2Fv2%2Ftags&post=12228"}],"curies":[{"name":"wp","href":"https:\/\/api.w.org\/{rel}","templated":true}]}}