{"id":12235,"date":"2025-03-19T10:25:05","date_gmt":"2025-03-19T13:25:05","guid":{"rendered":"https:\/\/partediario.com.ar\/?p=12235"},"modified":"2025-03-20T22:31:03","modified_gmt":"2025-03-21T01:31:03","slug":"milei-suspendio-el-viaje-a-israel-de-este-fin-de-semana-tras-los-nuevos-ataques-contra-civiles-perpetrado-por-netanyahu","status":"publish","type":"post","link":"https:\/\/partediario.com.ar\/?p=12235","title":{"rendered":"Milei suspendi\u00f3 el viaje a Israel de este fin de semana tras los nuevos ataques contra civiles perpetrado por Netanyahu"},"content":{"rendered":"\n<h2 class=\"wp-block-heading\">El presidente Javier Milei cancel\u00f3 su viaje a Israel previsto para el 23 de marzo, tras que el primer ministro israel\u00ed, Benjam\u00edn Netanyahu, diera por terminado el alto al fuego y ordenara una nueva ofensiva contra la Franja de Gaza que dej\u00f3 el saldo de m\u00e1s de 300 palestinos muertos.<\/h2>\n\n\n\n<p>Si bien no hay precisiones respecto de los motivos, ni fecha viable para reprogramar la visita, la suspensi\u00f3n se enmarca ante un nuevo ataque de Israel que suma otro cap\u00edtulo a la guerra abierta en Medio Oriente.<\/p>\n\n\n\n<p>Pese a que el pasado lunes el viaje continuaba en agenda, este martes, desde el entorno del mandatario confirmaron que el presidente optar\u00e1 evitar la visita a Benjam\u00edn Netanyahu programada para este fin de semana.<\/p>\n\n\n\n<p>La idea era que adem\u00e1s firmara un Memor\u00e1ndum de Entendimiento para reforzar el compromiso en la lucha contra el terrorismo, y disertara ante el Parlamento.<\/p>\n\n\n\n<p>Tambi\u00e9n se esperaba que Milei participara de la recepci\u00f3n del \u00abNobel jud\u00edo\u00bb, otorgada por la prestigiosa Fundaci\u00f3n Genesis Price.<\/p>\n\n\n\n<p>Tras la apertura de un nuevo foco de tensi\u00f3n, Ham\u00e1s acus\u00f3 al primer ministro israel\u00ed de \u00abreanudar la agresi\u00f3n y una guerra de genocidio\u00bb contra civiles en la Franja de Gaza. \u00abNetanyahu y su Gobierno son plenamente responsables de las consecuencias de la traicionera agresi\u00f3n contra Gaza, que se dirige contra civiles indefensos bajo un bloqueo asfixiante y una pol\u00edtica sistem\u00e1tica de inanici\u00f3n\u00bb, destacaron a trav\u00e9s de un comunicado de prensa.<\/p>\n\n\n\n<p>Noticia en desarrollo\u2026<\/p>\n","protected":false},"excerpt":{"rendered":"<p>El presidente Javier Milei cancel&oacute; su viaje a Israel previsto para el 23 de marzo, tras que el primer ministro israel&iacute;, Benjam&iacute;n Netanyahu, diera por terminado el alto al fuego y ordenara una nueva ofensiva contra la Franja de Gaza que dej&oacute; el saldo de m&aacute;s de 300 palestinos muertos. Si bien no hay precisiones [&hellip;]<\/p>\n","protected":false},"author":2,"featured_media":12236,"comment_status":"open","ping_status":"open","sticky":false,"template":"","format":"standard","meta":{"footnotes":""},"categories":[5,176],"tags":[1751,2942,3768,5690,235,232,730,642],"class_list":["post-12235","post","type-post","status-publish","format-standard","has-post-thumbnail","hentry","category-nacionales","category-politica","tag-ataque","tag-benjamin-netanyahu","tag-civiles","tag-franja-gaza","tag-israel","tag-javier-milei","tag-suspension","tag-viaje"],"_links":{"self":[{"href":"https:\/\/partediario.com.ar\/index.php?rest_route=\/wp\/v2\/posts\/12235","targetHints":{"allow":["GET"]}}],"collection":[{"href":"https:\/\/partediario.com.ar\/index.php?rest_route=\/wp\/v2\/posts"}],"about":[{"href":"https:\/\/partediario.com.ar\/index.php?rest_route=\/wp\/v2\/types\/post"}],"author":[{"embeddable":true,"href":"https:\/\/partediario.com.ar\/index.php?rest_route=\/wp\/v2\/users\/2"}],"replies":[{"embeddable":true,"href":"https:\/\/partediario.com.ar\/index.php?rest_route=%2Fwp%2Fv2%2Fcomments&post=12235"}],"version-history":[{"count":1,"href":"https:\/\/partediario.com.ar\/index.php?rest_route=\/wp\/v2\/posts\/12235\/revisions"}],"predecessor-version":[{"id":12237,"href":"https:\/\/partediario.com.ar\/index.php?rest_route=\/wp\/v2\/posts\/12235\/revisions\/12237"}],"wp:featuredmedia":[{"embeddable":true,"href":"https:\/\/partediario.com.ar\/index.php?rest_route=\/wp\/v2\/media\/12236"}],"wp:attachment":[{"href":"https:\/\/partediario.com.ar\/index.php?rest_route=%2Fwp%2Fv2%2Fmedia&parent=12235"}],"wp:term":[{"taxonomy":"category","embeddable":true,"href":"https:\/\/partediario.com.ar\/index.php?rest_route=%2Fwp%2Fv2%2Fcategories&post=12235"},{"taxonomy":"post_tag","embeddable":true,"href":"https:\/\/partediario.com.ar\/index.php?rest_route=%2Fwp%2Fv2%2Ftags&post=12235"}],"curies":[{"name":"wp","href":"https:\/\/api.w.org\/{rel}","templated":true}]}}