{"id":12238,"date":"2025-03-19T10:31:16","date_gmt":"2025-03-19T13:31:16","guid":{"rendered":"https:\/\/partediario.com.ar\/?p=12238"},"modified":"2025-03-20T22:30:59","modified_gmt":"2025-03-21T01:30:59","slug":"el-gobierno-utiliza-las-estaciones-de-tren-para-advertir-sobre-la-represion-en-la-marcha-de-jubilados","status":"publish","type":"post","link":"https:\/\/partediario.com.ar\/?p=12238","title":{"rendered":"El Gobierno utiliza las estaciones de tren para advertir sobre la represi\u00f3n en la marcha de jubilados"},"content":{"rendered":"\n<h2 class=\"wp-block-heading\">A pocas horas del inicio de la marcha de jubilados frente al Congreso, el Gobierno utiliz\u00f3 el sistema de comunicaci\u00f3n de las estaciones de trenes del \u00c1rea Metropolitana de Buenos Aires (AMBA), para enviar un mensaje disuasivo a los manifestantes. En las pantallas y altavoces de las terminales se proyect\u00f3 la advertencia: \u00abLa polic\u00eda va a reprimir todo atentado contra la Rep\u00fablica\u00bb.<\/h2>\n\n\n\n<p>No es la primera vez que un gobierno utiliza este m\u00e9todo para enviar mensajes a la ciudadan\u00eda. En 2023, la gesti\u00f3n de Alberto Fern\u00e1ndez proyect\u00f3 en las mismas pantallas una advertencia sobre el impacto de la eliminaci\u00f3n de subsidios en las tarifas de transporte, en un intento de influir en el electorado de cara al balotaje entre Sergio Massa y Javier Milei.<\/p>\n\n\n\n<p class=\"has-medium-font-size\"><strong>El Congreso blindado<\/strong><\/p>\n\n\n\n<p>El Gobierno de la Ciudad confirm\u00f3 un despliegue de 900 polic\u00edas en los alrededores del Congreso, en un operativo conjunto con fuerzas federales. Se aguarda que la zona quede completamente vallada en un radio de 100 metros, restringiendo el acceso de veh\u00edculos y peatones.<\/p>\n\n\n\n<p>Tambi\u00e9n se retiraron 350 contenedores de residuos en la zona para evitar que sean utilizados en posibles enfrentamientos.<\/p>\n\n\n\n<p>La movilizaci\u00f3n, convocada por jubilados y acompa\u00f1ada por distintos sectores sindicales y pol\u00edticos, exige un aumento de haberes ante el fuerte deterioro del poder adquisitivo. Actualmente, la jubilaci\u00f3n m\u00ednima se ubica en $280.000, cifra que los manifestantes consideran insuficiente.<\/p>\n\n\n\n<p>Desde el oficialismo, por su parte, se advirti\u00f3 sobre la posible infiltraci\u00f3n de barras bravas y agitadores en la marcha, reforzando el argumento de la necesidad de un operativo de seguridad de gran magnitud.<\/p>\n","protected":false},"excerpt":{"rendered":"<p>A pocas horas del inicio de la marcha de jubilados frente al Congreso, el Gobierno utiliz&oacute; el sistema de comunicaci&oacute;n de las estaciones de trenes del &Aacute;rea Metropolitana de Buenos Aires (AMBA), para enviar un mensaje disuasivo a los manifestantes. En las pantallas y altavoces de las terminales se proyect&oacute; la advertencia: &laquo;La polic&iacute;a va [&hellip;]<\/p>\n","protected":false},"author":2,"featured_media":12239,"comment_status":"open","ping_status":"open","sticky":false,"template":"","format":"standard","meta":{"footnotes":""},"categories":[5,176,726],"tags":[5691,3720,224,1264,971,3193,2809],"class_list":["post-12238","post","type-post","status-publish","format-standard","has-post-thumbnail","hentry","category-nacionales","category-politica","category-sociedad","tag-avisos","tag-estaciones","tag-gobierno","tag-jubilados","tag-marcha","tag-represion","tag-tren"],"_links":{"self":[{"href":"https:\/\/partediario.com.ar\/index.php?rest_route=\/wp\/v2\/posts\/12238","targetHints":{"allow":["GET"]}}],"collection":[{"href":"https:\/\/partediario.com.ar\/index.php?rest_route=\/wp\/v2\/posts"}],"about":[{"href":"https:\/\/partediario.com.ar\/index.php?rest_route=\/wp\/v2\/types\/post"}],"author":[{"embeddable":true,"href":"https:\/\/partediario.com.ar\/index.php?rest_route=\/wp\/v2\/users\/2"}],"replies":[{"embeddable":true,"href":"https:\/\/partediario.com.ar\/index.php?rest_route=%2Fwp%2Fv2%2Fcomments&post=12238"}],"version-history":[{"count":1,"href":"https:\/\/partediario.com.ar\/index.php?rest_route=\/wp\/v2\/posts\/12238\/revisions"}],"predecessor-version":[{"id":12240,"href":"https:\/\/partediario.com.ar\/index.php?rest_route=\/wp\/v2\/posts\/12238\/revisions\/12240"}],"wp:featuredmedia":[{"embeddable":true,"href":"https:\/\/partediario.com.ar\/index.php?rest_route=\/wp\/v2\/media\/12239"}],"wp:attachment":[{"href":"https:\/\/partediario.com.ar\/index.php?rest_route=%2Fwp%2Fv2%2Fmedia&parent=12238"}],"wp:term":[{"taxonomy":"category","embeddable":true,"href":"https:\/\/partediario.com.ar\/index.php?rest_route=%2Fwp%2Fv2%2Fcategories&post=12238"},{"taxonomy":"post_tag","embeddable":true,"href":"https:\/\/partediario.com.ar\/index.php?rest_route=%2Fwp%2Fv2%2Ftags&post=12238"}],"curies":[{"name":"wp","href":"https:\/\/api.w.org\/{rel}","templated":true}]}}