{"id":12251,"date":"2025-03-20T22:19:56","date_gmt":"2025-03-21T01:19:56","guid":{"rendered":"https:\/\/partediario.com.ar\/?p=12251"},"modified":"2025-03-22T12:00:41","modified_gmt":"2025-03-22T15:00:41","slug":"la-cgt-confirmo-el-paro-nacional-para-el-10-de-abril-y-subrayaron-no-se-levanta","status":"publish","type":"post","link":"https:\/\/partediario.com.ar\/?p=12251","title":{"rendered":"La CGT confirm\u00f3 el paro nacional para el 10 de abril y subrayaron: \u00abNo se levanta\u00bb"},"content":{"rendered":"\n<h2 class=\"wp-block-heading\">La CGT convoc\u00f3 a un paro nacional el 10 de abril pr\u00f3ximo, esta ser\u00e1 la tercera huelga general durante el gobierno de Javier Milei, es en rechazo a las pol\u00edticas sociales y laborales que se siguen, en especial lo que consideran \u00abel techo a las paritarias\u00bb que se quiere imponer.<\/h2>\n\n\n\n<p>La central obrera adem\u00e1s resolvi\u00f3 movilizarse el 24 de marzo por el D\u00eda de la Memoria; participar de la marcha de los jubilados del mi\u00e9rcoles 9 de abril y, finalmente, concretar el paro el jueves 10 del mismo mes.<\/p>\n\n\n\n<p>Ante rumores de la existencia de tratativas subterr\u00e1neas con la Casa Rosada para explorar un posterior levantamiento de la huelga, H\u00e9ctor Daer, miembro del triunvirato que conduce la central, apunt\u00f3: \u00abNo hay ninguna conversaci\u00f3n con el Gobierno. Este paro no se levanta\u00bb.<\/p>\n\n\n\n<p>Tras una reuni\u00f3n del Consejo Directivo de m\u00e1s de tres horas, la CGT resolvi\u00f3 una serie de medidas que incluyen un acompa\u00f1amiento a los sindicatos que se movilicen el mi\u00e9rcoles pr\u00f3ximo junto a los jubilados y una convocatoria a las regionales el jueves 27 en el sal\u00f3n Felipe Vallese de la sede de Azopardo para poner a consideraci\u00f3n el plan de lucha.<\/p>\n\n\n\n<p>Mientras que el lunes 24, la organizaci\u00f3n se sumar\u00e1 a la movilizaci\u00f3n de los organismos de Derechos Humanos por el D\u00eda de la Memoria. Posteriormente, la CGT efectuar\u00e1 una movilizaci\u00f3n \u00abmasiva\u00bb al Congreso el mi\u00e9rcoles 9 de abril junto a los jubilados, para concretar el paro nacional el jueves 10.<\/p>\n\n\n\n<p>Ese plan de lucha implica \u00ab36 horas de acci\u00f3n y de medidas de protesta\u00bb, se\u00f1alaron fuentes sindicales.<\/p>\n\n\n\n<p>En una conferencia de prensa posterior a la reuni\u00f3n, Daer detall\u00f3 que los motivos del paro son los de \u00abexigir la libertad para negociar paritarias libres y acuerdos homologados; aumento a los jubilados y actualizaci\u00f3n del bono de 70 para los jubilados y volver a discutir las asignaciones familiares\u00bb.<\/p>\n\n\n\n<p>\u00abEl Gobierno est\u00e1 pisando las paritarias para que vayan por debajo de la inflaci\u00f3n\u00bb, apunt\u00f3 Daer, quien exigi\u00f3 al oficialismo \u00abmodificar su pol\u00edtica social y para los sectores del trabajo\u00bb.<\/p>\n\n\n\n<p>Adem\u00e1s mencion\u00f3 un pedido de que se activen \u00abprogramas de desarrollo para el sector industrial y productivo\u00bb y que \u00abvuelva a abrirse la obra p\u00fablica porque muchas est\u00e1n paralizadas al 80 o 90 por ciento de su finalizaci\u00f3n y dejarlas as\u00ed es m\u00e1s perjudicial que terminarlas\u00bb.<\/p>\n\n\n\n<p>Por otro lado, Fabi\u00e1n Grillo, el padre del fotoperiodista herido Pablo Grillo, ser\u00e1 recibido ma\u00f1ana a las 10.30 en la sede de la central obrera. La CGT defini\u00f3 que convocar\u00e1 a movilizarse el 1 de Mayo, en ocasi\u00f3n del D\u00eda del Trabajador, contra las pol\u00edticas del<br>gobierno libertario.<\/p>\n","protected":false},"excerpt":{"rendered":"<p>La CGT convoc&oacute; a un paro nacional el 10 de abril pr&oacute;ximo, esta ser&aacute; la tercera huelga general durante el gobierno de Javier Milei, es en rechazo a las pol&iacute;ticas sociales y laborales que se siguen, en especial lo que consideran &laquo;el techo a las paritarias&raquo; que se quiere imponer. La central obrera adem&aacute;s resolvi&oacute; [&hellip;]<\/p>\n","protected":false},"author":2,"featured_media":12252,"comment_status":"open","ping_status":"open","sticky":false,"template":"","format":"standard","meta":{"footnotes":""},"categories":[978,5,176],"tags":[670,226,3268,232,691],"class_list":["post-12251","post","type-post","status-publish","format-standard","has-post-thumbnail","hentry","category-gremiales","category-nacionales","category-politica","tag-abril","tag-cgt","tag-hector-daer","tag-javier-milei","tag-paro"],"_links":{"self":[{"href":"https:\/\/partediario.com.ar\/index.php?rest_route=\/wp\/v2\/posts\/12251","targetHints":{"allow":["GET"]}}],"collection":[{"href":"https:\/\/partediario.com.ar\/index.php?rest_route=\/wp\/v2\/posts"}],"about":[{"href":"https:\/\/partediario.com.ar\/index.php?rest_route=\/wp\/v2\/types\/post"}],"author":[{"embeddable":true,"href":"https:\/\/partediario.com.ar\/index.php?rest_route=\/wp\/v2\/users\/2"}],"replies":[{"embeddable":true,"href":"https:\/\/partediario.com.ar\/index.php?rest_route=%2Fwp%2Fv2%2Fcomments&post=12251"}],"version-history":[{"count":1,"href":"https:\/\/partediario.com.ar\/index.php?rest_route=\/wp\/v2\/posts\/12251\/revisions"}],"predecessor-version":[{"id":12253,"href":"https:\/\/partediario.com.ar\/index.php?rest_route=\/wp\/v2\/posts\/12251\/revisions\/12253"}],"wp:featuredmedia":[{"embeddable":true,"href":"https:\/\/partediario.com.ar\/index.php?rest_route=\/wp\/v2\/media\/12252"}],"wp:attachment":[{"href":"https:\/\/partediario.com.ar\/index.php?rest_route=%2Fwp%2Fv2%2Fmedia&parent=12251"}],"wp:term":[{"taxonomy":"category","embeddable":true,"href":"https:\/\/partediario.com.ar\/index.php?rest_route=%2Fwp%2Fv2%2Fcategories&post=12251"},{"taxonomy":"post_tag","embeddable":true,"href":"https:\/\/partediario.com.ar\/index.php?rest_route=%2Fwp%2Fv2%2Ftags&post=12251"}],"curies":[{"name":"wp","href":"https:\/\/api.w.org\/{rel}","templated":true}]}}