{"id":12254,"date":"2025-03-20T22:24:22","date_gmt":"2025-03-21T01:24:22","guid":{"rendered":"https:\/\/partediario.com.ar\/?p=12254"},"modified":"2025-03-22T12:00:37","modified_gmt":"2025-03-22T15:00:37","slug":"pagano-denuncio-a-martin-menem-me-amenazaron-estando-embarazada-senalo","status":"publish","type":"post","link":"https:\/\/partediario.com.ar\/?p=12254","title":{"rendered":"Pagano denunci\u00f3 a Mart\u00edn Menem: \u00abMe amenazaron estando embarazada\u00bb, se\u00f1al\u00f3"},"content":{"rendered":"\n<h2 class=\"wp-block-heading\">Marcela Pagano denunci\u00f3 que sufri\u00f3 amenazas y hostigamiento por parte de Mart\u00edn Menem mientras estaba embarazada y adem\u00e1s revel\u00f3 detalles de las presiones que recibi\u00f3 para romper un acta oficial. Seg\u00fan se supo, la legisladora de La Libertad Avanza acus\u00f3 al presidente de la C\u00e1mara de Diputados de \u00abejercer trampas propias de la vieja pol\u00edtica\u00bb y de manejar el recinto de manera \u00abhostil\u00bb.<\/h2>\n\n\n\n<p>En una entrevista en C5N, Pagano asegur\u00f3 que Menem tiene un \u00abinter\u00e9s claro en dejar de lado\u00bb a ciertos legisladores libertarios y que \u00abest\u00e1 construyendo su propio espacio dentro del oficialismo en lugar de trabajar para Milei\u00bb. Tambi\u00e9n lo responsabiliz\u00f3 por pr\u00e1cticas antidemocr\u00e1ticas dentro de la C\u00e1mara Baja.<\/p>\n\n\n\n<p>\u00abDurante un a\u00f1o le present\u00e9 la renuncia a la presidencia de la Comisi\u00f3n de Juicio Pol\u00edtico y no me la acept\u00f3. Est\u00e1 empe\u00f1ado en que desconozca un acta firmada por diputados de gran prestigio\u00bb, denunci\u00f3. \u00abLo que \u00e9l me pide es ilegal: que la rompa y la desconozca\u00bb, a\u00f1adi\u00f3, mostrando el documento en cuesti\u00f3n.<\/p>\n\n\n\n<p>La diputada revel\u00f3 adem\u00e1s que el d\u00eda antes de ser internada por su embarazo de riesgo, recibi\u00f3 un llamado de Menem en plena madrugada. \u00abQuer\u00eda venir a mi casa a toda costa para que rompa el acta\u00bb, destac\u00f3.<\/p>\n\n\n\n<p>En cuanto a la interna dentro de La Libertad Avanza, Pagano cuestion\u00f3 el manejo del titular de la C\u00e1mara de Diputados y lo calific\u00f3 de \u00abbullying pol\u00edtico\u00bb. \u00abEst\u00e1 organizando un bloque como si fuera una estudiantina, haci\u00e9ndole bullying a la gente que no le responde con fe ciega. Esto no es lo que vinimos a hacer\u00bb, afirm\u00f3.<\/p>\n\n\n\n<p>Adem\u00e1s, apunt\u00f3 contra su compa\u00f1ero de bloque Lisandro Almir\u00f3n, quien justific\u00f3 su reacci\u00f3n en el recinto por razones hormonales. \u00abSi estaba tan preocupado por mi maternidad, se hubiera ocupado cuando filtraron algo que mi familia no sab\u00eda: que ten\u00eda un embarazo de riesgo. Me hostigaron, me acosaron y me apretaron hasta terminar internada\u00bb, dispar\u00f3.<\/p>\n\n\n\n<p>Pagano deslig\u00f3 a Javier Milei de estas disputas y asegur\u00f3 que \u00abtiene cuestiones m\u00e1s importantes de las que ocuparse\u00bb, aunque advirti\u00f3 que \u00ablas formas de Menem pueden entorpecer futuros acuerdos\u00bb.<\/p>\n","protected":false},"excerpt":{"rendered":"<p>Marcela Pagano denunci&oacute; que sufri&oacute; amenazas y hostigamiento por parte de Mart&iacute;n Menem mientras estaba embarazada y adem&aacute;s revel&oacute; detalles de las presiones que recibi&oacute; para romper un acta oficial. Seg&uacute;n se supo, la legisladora de La Libertad Avanza acus&oacute; al presidente de la C&aacute;mara de Diputados de &laquo;ejercer trampas propias de la vieja pol&iacute;tica&raquo; [&hellip;]<\/p>\n","protected":false},"author":2,"featured_media":12255,"comment_status":"open","ping_status":"open","sticky":false,"template":"","format":"standard","meta":{"footnotes":""},"categories":[5,176],"tags":[812,1209,262],"class_list":["post-12254","post","type-post","status-publish","format-standard","has-post-thumbnail","hentry","category-nacionales","category-politica","tag-denuncia","tag-marcela-pagano","tag-martin-menem"],"_links":{"self":[{"href":"https:\/\/partediario.com.ar\/index.php?rest_route=\/wp\/v2\/posts\/12254","targetHints":{"allow":["GET"]}}],"collection":[{"href":"https:\/\/partediario.com.ar\/index.php?rest_route=\/wp\/v2\/posts"}],"about":[{"href":"https:\/\/partediario.com.ar\/index.php?rest_route=\/wp\/v2\/types\/post"}],"author":[{"embeddable":true,"href":"https:\/\/partediario.com.ar\/index.php?rest_route=\/wp\/v2\/users\/2"}],"replies":[{"embeddable":true,"href":"https:\/\/partediario.com.ar\/index.php?rest_route=%2Fwp%2Fv2%2Fcomments&post=12254"}],"version-history":[{"count":1,"href":"https:\/\/partediario.com.ar\/index.php?rest_route=\/wp\/v2\/posts\/12254\/revisions"}],"predecessor-version":[{"id":12256,"href":"https:\/\/partediario.com.ar\/index.php?rest_route=\/wp\/v2\/posts\/12254\/revisions\/12256"}],"wp:featuredmedia":[{"embeddable":true,"href":"https:\/\/partediario.com.ar\/index.php?rest_route=\/wp\/v2\/media\/12255"}],"wp:attachment":[{"href":"https:\/\/partediario.com.ar\/index.php?rest_route=%2Fwp%2Fv2%2Fmedia&parent=12254"}],"wp:term":[{"taxonomy":"category","embeddable":true,"href":"https:\/\/partediario.com.ar\/index.php?rest_route=%2Fwp%2Fv2%2Fcategories&post=12254"},{"taxonomy":"post_tag","embeddable":true,"href":"https:\/\/partediario.com.ar\/index.php?rest_route=%2Fwp%2Fv2%2Ftags&post=12254"}],"curies":[{"name":"wp","href":"https:\/\/api.w.org\/{rel}","templated":true}]}}