{"id":12276,"date":"2025-03-22T11:55:41","date_gmt":"2025-03-22T14:55:41","guid":{"rendered":"https:\/\/partediario.com.ar\/?p=12276"},"modified":"2025-03-23T09:32:36","modified_gmt":"2025-03-23T12:32:36","slug":"un-funcionario-de-jorge-macri-cruzo-a-rodriguez-larreta-esta-bueno-que-quiera-volver-asi-recorre-la-ciudad-apunto","status":"publish","type":"post","link":"https:\/\/partediario.com.ar\/?p=12276","title":{"rendered":"Un funcionario de Jorge Macri cruz\u00f3 a Rodr\u00edguez Larreta: \u00abEst\u00e1 bueno que quiera volver as\u00ed recorre la ciudad\u00bb, apunt\u00f3"},"content":{"rendered":"\n<h2 class=\"wp-block-heading\">El ministro de Infraestructura de la Ciudad, Pablo Bereciartua, cuestion\u00f3 al ex jefe de Gobierno porte\u00f1o Horacio Rodr\u00edguez Larreta y adem\u00e1s brind\u00f3 detalles sobre la obra que anunci\u00f3 el actual mandatario porte\u00f1o, Jorge Macri.<\/h2>\n\n\n\n<p>\u00abSe va a hacer un t\u00fanel de dos manos, junto con un espacio p\u00fablico importante, desde Figueroa Alcorta y La Pampa hasta el R\u00edo de la Plata. Estimamos terminar la obra en el 2027. Esperamos a que el lugar se convierta en un lugar tur\u00edstico\u00bb, expres\u00f3 en declaraciones radiales.<\/p>\n\n\n\n<p>Sobre el tren Sarmiento, tema que toc\u00f3 Rodr\u00edguez Larreta la semana pasada, tras lanzarse como candidato a legislador por la Ciudad de Buenos Aires, Bereciartua se\u00f1al\u00f3: \u00abEl tren Sarmiento es nacional. Para poder intervenirlo necesitamos permisos y trabajar junto al gobierno nacional\u00bb.<\/p>\n\n\n\n<p>\u00abEl mensaje de Larreta es de campa\u00f1a. Est\u00e1 bueno que quiera volver as\u00ed recorre la ciudad\u00bb, dispar\u00f3.<\/p>\n\n\n\n<p>El Jefe de Gobierno porte\u00f1o, Jorge Macri, anunci\u00f3 que la Ciudad construir\u00e1 \u00abuna gran obra que unir\u00e1 la Ciudad con el R\u00edo\u00bb bajo la calle La Pampa, la avenida Leopoldo Lugones y las v\u00edas del Belgrano Norte que mejorar\u00e1 la conexi\u00f3n entre la Ciudad, el Aeroparque y la Costanera.<\/p>\n\n\n\n<p>Se trata del \u00abAnillo de Pampa\u00bb, un t\u00fanel de doble mano para veh\u00edculos y un puente peatonal y para ciclistas en forma de corona, que ser\u00e1 un nuevo \u00edcono urbano para la Ciudad. Es una inversi\u00f3n de m\u00e1s de $50 mil millones.<\/p>\n","protected":false},"excerpt":{"rendered":"<p>El ministro de Infraestructura de la Ciudad, Pablo Bereciartua, cuestion&oacute; al ex jefe de Gobierno porte&ntilde;o Horacio Rodr&iacute;guez Larreta y adem&aacute;s brind&oacute; detalles sobre la obra que anunci&oacute; el actual mandatario porte&ntilde;o, Jorge Macri. &laquo;Se va a hacer un t&uacute;nel de dos manos, junto con un espacio p&uacute;blico importante, desde Figueroa Alcorta y La Pampa [&hellip;]<\/p>\n","protected":false},"author":2,"featured_media":12277,"comment_status":"open","ping_status":"open","sticky":false,"template":"","format":"standard","meta":{"footnotes":""},"categories":[5,176],"tags":[1461,4620,4445,1114],"class_list":["post-12276","post","type-post","status-publish","format-standard","has-post-thumbnail","hentry","category-nacionales","category-politica","tag-criticas","tag-funcionario","tag-horacio-rodriguez-larreta","tag-jorge-macri"],"_links":{"self":[{"href":"https:\/\/partediario.com.ar\/index.php?rest_route=\/wp\/v2\/posts\/12276","targetHints":{"allow":["GET"]}}],"collection":[{"href":"https:\/\/partediario.com.ar\/index.php?rest_route=\/wp\/v2\/posts"}],"about":[{"href":"https:\/\/partediario.com.ar\/index.php?rest_route=\/wp\/v2\/types\/post"}],"author":[{"embeddable":true,"href":"https:\/\/partediario.com.ar\/index.php?rest_route=\/wp\/v2\/users\/2"}],"replies":[{"embeddable":true,"href":"https:\/\/partediario.com.ar\/index.php?rest_route=%2Fwp%2Fv2%2Fcomments&post=12276"}],"version-history":[{"count":1,"href":"https:\/\/partediario.com.ar\/index.php?rest_route=\/wp\/v2\/posts\/12276\/revisions"}],"predecessor-version":[{"id":12278,"href":"https:\/\/partediario.com.ar\/index.php?rest_route=\/wp\/v2\/posts\/12276\/revisions\/12278"}],"wp:featuredmedia":[{"embeddable":true,"href":"https:\/\/partediario.com.ar\/index.php?rest_route=\/wp\/v2\/media\/12277"}],"wp:attachment":[{"href":"https:\/\/partediario.com.ar\/index.php?rest_route=%2Fwp%2Fv2%2Fmedia&parent=12276"}],"wp:term":[{"taxonomy":"category","embeddable":true,"href":"https:\/\/partediario.com.ar\/index.php?rest_route=%2Fwp%2Fv2%2Fcategories&post=12276"},{"taxonomy":"post_tag","embeddable":true,"href":"https:\/\/partediario.com.ar\/index.php?rest_route=%2Fwp%2Fv2%2Ftags&post=12276"}],"curies":[{"name":"wp","href":"https:\/\/api.w.org\/{rel}","templated":true}]}}