{"id":12283,"date":"2025-03-22T19:51:46","date_gmt":"2025-03-22T22:51:46","guid":{"rendered":"https:\/\/partediario.com.ar\/?p=12283"},"modified":"2025-03-23T09:32:21","modified_gmt":"2025-03-23T12:32:21","slug":"el-gordo-dan-cruzo-a-demian-reidel-luego-de-su-polemica-frase-sobre-los-argentinos","status":"publish","type":"post","link":"https:\/\/partediario.com.ar\/?p=12283","title":{"rendered":"El Gordo Dan cruz\u00f3 a Demi\u00e1n Reidel luego de su pol\u00e9mica frase sobre los argentinos"},"content":{"rendered":"\n<h2 class=\"wp-block-heading\">El influencer libertario conocido como \u00abGordo Dan\u00bb, le contest\u00f3 este s\u00e1bado al jefe del Consejo de Asesores de Javier Milei, Demi\u00e1n Reidel, quien esta semana asever\u00f3 que \u201cel problema de Argentina es que est\u00e1 llena de argentinos\u201d, lo hizo en un foro de empresarios e inversores.<\/h2>\n\n\n\n<p>Desde su cuenta de X (ex Twitter), <a href=\"http:\/\/@GordoDan_\">@GordoDan_<\/a>, el infliencer digital poste\u00f3: \u201cLo mejor que tiene la Argentina son los argentinos, lo peor que tiene la Argentina son los kukas, que gracias a los argentinos no gobiernan m\u00e1s y que gracias a los argentinos no van a volver nunca m\u00e1s. La Argentina fue y volver\u00e1 a ser grande gracias a los argentinos\u201d.<\/p>\n\n\n\n<p>El mensaje se interpreta como una respuesta directa a las declaraciones de Reidel, quien durante el Latam Forum en el Hotel Four Seasons destac\u00f3 las oportunidades de inversi\u00f3n en el pa\u00eds pero agreg\u00f3: \u201cObviamente, el problema es que estas \u00e1reas est\u00e1n pobladas de argentinos\u201d.<\/p>\n\n\n\n<p>La frase de Reidel, como era de esperarse, gener\u00f3 fuertes cr\u00edticas y repercusiones tanto en redes como en \u00e1mbitos pol\u00edticos. La publicaci\u00f3n de \u201cGordo Dan\u201d, uno de los principales defensores del oficialismo en redes sociales, marca un contrapunto dentro del propio espacio libertario.<\/p>\n","protected":false},"excerpt":{"rendered":"<p>El influencer libertario conocido como &laquo;Gordo Dan&raquo;, le contest&oacute; este s&aacute;bado al jefe del Consejo de Asesores de Javier Milei, Demi&aacute;n Reidel, quien esta semana asever&oacute; que &ldquo;el problema de Argentina es que est&aacute; llena de argentinos&rdquo;, lo hizo en un foro de empresarios e inversores. Desde su cuenta de X (ex Twitter), @GordoDan_, el [&hellip;]<\/p>\n","protected":false},"author":2,"featured_media":12284,"comment_status":"open","ping_status":"open","sticky":false,"template":"","format":"standard","meta":{"footnotes":""},"categories":[5,176],"tags":[5706,5707,4344,232],"class_list":["post-12283","post","type-post","status-publish","format-standard","has-post-thumbnail","hentry","category-nacionales","category-politica","tag-contesto","tag-damian-reidel","tag-gordo-dan","tag-javier-milei"],"_links":{"self":[{"href":"https:\/\/partediario.com.ar\/index.php?rest_route=\/wp\/v2\/posts\/12283","targetHints":{"allow":["GET"]}}],"collection":[{"href":"https:\/\/partediario.com.ar\/index.php?rest_route=\/wp\/v2\/posts"}],"about":[{"href":"https:\/\/partediario.com.ar\/index.php?rest_route=\/wp\/v2\/types\/post"}],"author":[{"embeddable":true,"href":"https:\/\/partediario.com.ar\/index.php?rest_route=\/wp\/v2\/users\/2"}],"replies":[{"embeddable":true,"href":"https:\/\/partediario.com.ar\/index.php?rest_route=%2Fwp%2Fv2%2Fcomments&post=12283"}],"version-history":[{"count":1,"href":"https:\/\/partediario.com.ar\/index.php?rest_route=\/wp\/v2\/posts\/12283\/revisions"}],"predecessor-version":[{"id":12285,"href":"https:\/\/partediario.com.ar\/index.php?rest_route=\/wp\/v2\/posts\/12283\/revisions\/12285"}],"wp:featuredmedia":[{"embeddable":true,"href":"https:\/\/partediario.com.ar\/index.php?rest_route=\/wp\/v2\/media\/12284"}],"wp:attachment":[{"href":"https:\/\/partediario.com.ar\/index.php?rest_route=%2Fwp%2Fv2%2Fmedia&parent=12283"}],"wp:term":[{"taxonomy":"category","embeddable":true,"href":"https:\/\/partediario.com.ar\/index.php?rest_route=%2Fwp%2Fv2%2Fcategories&post=12283"},{"taxonomy":"post_tag","embeddable":true,"href":"https:\/\/partediario.com.ar\/index.php?rest_route=%2Fwp%2Fv2%2Ftags&post=12283"}],"curies":[{"name":"wp","href":"https:\/\/api.w.org\/{rel}","templated":true}]}}