{"id":12286,"date":"2025-03-22T19:56:02","date_gmt":"2025-03-22T22:56:02","guid":{"rendered":"https:\/\/partediario.com.ar\/?p=12286"},"modified":"2025-03-25T09:42:40","modified_gmt":"2025-03-25T12:42:40","slug":"vergonzoso-demian-reidel-asesor-economico-clave-de-javier-milei-dice-que-el-problema-de-argentina-son-los-argentinos","status":"publish","type":"post","link":"https:\/\/partediario.com.ar\/?p=12286","title":{"rendered":"VERGONZOSO: Demian Reidel, asesor econ\u00f3mico clave de Javier Milei, dice que \u201cel problema de Argentina son los argentinos\u00bb"},"content":{"rendered":"\n<h2 class=\"wp-block-heading\">Demian Reidel, jefe del Consejo de Asesores Econ\u00f3micos del presidente Javier Milei, afirm\u00f3 que \u201cel \u00fanico problema de Argentina es que est\u00e1 llena de argentinos\u201d, en un foro con empresarios, petroleros y fondos de inversi\u00f3n, donde prometi\u00f3 seguridad jur\u00eddica para facilitar negocios con el pa\u00eds.<\/h2>\n\n\n\n<p>Reidel particip\u00f3 del Latam Forum, organizado por el Foro Econ\u00f3mico Internacional de las Am\u00e9ricas, en el hotel Four Seasons de Buenos Aires. All\u00ed, destac\u00f3 las condiciones geogr\u00e1ficas y energ\u00e9ticas de Argentina como ventajas para instalar centros de datos vinculados a inteligencia artificial, pero lament\u00f3: \u201cObviamente, el problema es que estas \u00e1reas est\u00e1n pobladas de argentinos. As\u00ed que esta es una de las cosas que hemos arreglado\u201d.<\/p>\n\n\n\n<p>\u201cEstamos estabilizando la macro, d\u00e1ndoles el marco legal para explicarles que esta vez estamos abiertos a los negocios\u201d, asegur\u00f3 el funcionario, quien afirm\u00f3 que el Gobierno busca posicionar a Argentina como un polo global de desarrollo de inteligencia artificial.<\/p>\n\n\n\n<p>Reidel, ex ejecutivo de JP Morgan y Goldman Sachs, es hoy una de las voces m\u00e1s influyentes del c\u00edrculo \u00edntimo de Milei. Designado en diciembre de 2024, su propuesta econ\u00f3mica gira en torno a atraer inversiones extranjeras, especialmente en sectores tecnol\u00f3gicos, mientras enfrenta cr\u00edticas por el contraste con el contexto social interno: inflaci\u00f3n interanual del 276,4%, m\u00e1s de la mitad de la poblaci\u00f3n en la pobreza y una econom\u00eda en recesi\u00f3n.<\/p>\n\n\n\n<p>Ante las cr\u00edticas, Reidel justific\u00f3 la visi\u00f3n presidencial con una frase provocadora: \u201cEs la t\u00edpica: vos us\u00e1s IA y La Matanza no tiene qu\u00e9 comer. S\u00ed, pero esto viene igual. No es una cosa o la otra\u201d.<\/p>\n\n\n\n<p>En defensa de los numerosos viajes internacionales de Milei \u2014que en seis meses pas\u00f3 38 d\u00edas fuera del pa\u00eds\u2014, Reidel los compar\u00f3 con una estrategia de marketing: \u201cLa gente tendr\u00eda que agradecer. Pone a Argentina de nuevo en el mapa\u201d, apunt\u00f3.<\/p>\n\n\n\n<p>El economista defini\u00f3 al Presidente como una figura \u201ccarism\u00e1tica\u201d que capt\u00f3 el inter\u00e9s de l\u00edderes como Elon Musk: \u201cNo se invierte \u2018dos mil palos\u2019 en media hora. Este inter\u00e9s es bueno para el pa\u00eds. No es por sacarse fotos\u201d, cerr\u00f3.<\/p>\n","protected":false},"excerpt":{"rendered":"<p>Demian Reidel, jefe del Consejo de Asesores Econ&oacute;micos del presidente Javier Milei, afirm&oacute; que &ldquo;el &uacute;nico problema de Argentina es que est&aacute; llena de argentinos&rdquo;, en un foro con empresarios, petroleros y fondos de inversi&oacute;n, donde prometi&oacute; seguridad jur&iacute;dica para facilitar negocios con el pa&iacute;s. Reidel particip&oacute; del Latam Forum, organizado por el Foro Econ&oacute;mico [&hellip;]<\/p>\n","protected":false},"author":2,"featured_media":12287,"comment_status":"open","ping_status":"open","sticky":false,"template":"","format":"standard","meta":{"footnotes":""},"categories":[5,176],"tags":[748,2272,3316,232,2512],"class_list":["post-12286","post","type-post","status-publish","format-standard","has-post-thumbnail","hentry","category-nacionales","category-politica","tag-asesor","tag-demian-reidel","tag-frase","tag-javier-milei","tag-polemica"],"_links":{"self":[{"href":"https:\/\/partediario.com.ar\/index.php?rest_route=\/wp\/v2\/posts\/12286","targetHints":{"allow":["GET"]}}],"collection":[{"href":"https:\/\/partediario.com.ar\/index.php?rest_route=\/wp\/v2\/posts"}],"about":[{"href":"https:\/\/partediario.com.ar\/index.php?rest_route=\/wp\/v2\/types\/post"}],"author":[{"embeddable":true,"href":"https:\/\/partediario.com.ar\/index.php?rest_route=\/wp\/v2\/users\/2"}],"replies":[{"embeddable":true,"href":"https:\/\/partediario.com.ar\/index.php?rest_route=%2Fwp%2Fv2%2Fcomments&post=12286"}],"version-history":[{"count":1,"href":"https:\/\/partediario.com.ar\/index.php?rest_route=\/wp\/v2\/posts\/12286\/revisions"}],"predecessor-version":[{"id":12288,"href":"https:\/\/partediario.com.ar\/index.php?rest_route=\/wp\/v2\/posts\/12286\/revisions\/12288"}],"wp:featuredmedia":[{"embeddable":true,"href":"https:\/\/partediario.com.ar\/index.php?rest_route=\/wp\/v2\/media\/12287"}],"wp:attachment":[{"href":"https:\/\/partediario.com.ar\/index.php?rest_route=%2Fwp%2Fv2%2Fmedia&parent=12286"}],"wp:term":[{"taxonomy":"category","embeddable":true,"href":"https:\/\/partediario.com.ar\/index.php?rest_route=%2Fwp%2Fv2%2Fcategories&post=12286"},{"taxonomy":"post_tag","embeddable":true,"href":"https:\/\/partediario.com.ar\/index.php?rest_route=%2Fwp%2Fv2%2Ftags&post=12286"}],"curies":[{"name":"wp","href":"https:\/\/api.w.org\/{rel}","templated":true}]}}