{"id":12289,"date":"2025-03-22T20:03:46","date_gmt":"2025-03-22T23:03:46","guid":{"rendered":"https:\/\/partediario.com.ar\/?p=12289"},"modified":"2025-03-23T09:32:30","modified_gmt":"2025-03-23T12:32:30","slug":"cristina-kirchner-critico-duramente-a-milei-y-alerto-sobre-una-creciente-descomposicion-institucional-en-el-pais","status":"publish","type":"post","link":"https:\/\/partediario.com.ar\/?p=12289","title":{"rendered":"Cristina Kirchner critic\u00f3 duramente a Milei y alert\u00f3 sobre una \u201ccreciente descomposici\u00f3n institucional\u201d en el pa\u00eds"},"content":{"rendered":"\n<h2 class=\"wp-block-heading\">En el marco del Congreso Educativo Nacional, llevado a cabo en la Facultad de Ciencias Sociales de la Universidad de Buenos Aires (UBA), la expresidenta Cristina Kirchner, alert\u00f3 sobre una creciente descomposici\u00f3n institucional y una crisis econ\u00f3mica que atraviesa el pa\u00eds.<\/h2>\n\n\n\n<p>En su discurso, critic\u00f3 la aprobaci\u00f3n del Decreto de Necesidad y Urgencia (DNU) que habilita un nuevo acuerdo con el Fondo Monetario Internacional (FMI) y lanz\u00f3 fuertes cr\u00edticas contra el presidente Javier Milei, indicando su supuesta intervenci\u00f3n en la prohibici\u00f3n que le impuso el gobierno de Donald Trump para ingresar a Estados Unidos.<\/p>\n\n\n\n<p>Kirchner vincul\u00f3 la sanci\u00f3n impuesta por el gobierno estadounidense con el rechazo de la C\u00e1mara de Casaci\u00f3n Federal al recurso extraordinario que present\u00f3 en la causa Vialidad. \u00abMuy a pedido, este hombre no se la banca solo\u00bb, asegur\u00f3, haciendo referencia al presidente Milei. Adem\u00e1s, critic\u00f3 la decisi\u00f3n del tribunal, al que calific\u00f3 como \u00abmacrista\u00bb, y denunci\u00f3 que se trata de una estrategia coordinada para perjudicarla.<\/p>\n\n\n\n<p>El Departamento de Estado de EE.UU., a trav\u00e9s de Marco Rubio, anunci\u00f3 sanciones contra la expresidenta y su exministro de Planificaci\u00f3n, Julio de Vido, por presuntos casos de corrupci\u00f3n, impidiendo su ingreso al pa\u00eds junto con sus familiares, incluidos Florencia y M\u00e1ximo Kirchner. La decisi\u00f3n gener\u00f3 una r\u00e1pida reacci\u00f3n de Milei en redes sociales, donde escribi\u00f3 \u00abCHE Cristina\u2026 Fin\u00bb, haciendo referencia al estilo que la expresidenta suele usar en sus publicaciones.<\/p>\n\n\n\n<p>Crsitina Kirchner, apunt\u00f3 adem\u00e1s contra los legisladores peronistas que apoyaron el DNU que habilita el nuevo acuerdo con el FMI. \u00abSi los diputados peronistas de Catamarca, Misiones, Salta hubieran votado junto al peronismo y otras fuerzas, este cheque en blanco no existir\u00eda\u00bb, sentenci\u00f3, y agreg\u00f3 que le causaba \u00abdolor\u00bb ver esa situaci\u00f3n.<\/p>\n\n\n\n<p>Y critic\u00f3 al vocero presidencial, Manuel Adorni, por utilizar la \u00abrueda de auxilio\u00bb como una met\u00e1fora del acuerdo con el FMI. \u00abHorrible met\u00e1fora, hermano\u2026 usamos la rueda de auxilio cuando pinchaste. Y pincharon. Le pesaron motosierra a Dios y Mar\u00eda sant\u00edsima\u00bb, ironiz\u00f3.<\/p>\n\n\n\n<p>Kirchner arremeti\u00f3 contra el Poder Ejecutivo y referenci\u00f3 a Milei como \u00abel presidente que no sabe c\u00f3mo se llama San Mart\u00edn y lo llam\u00f3 Juan Jos\u00e9\u00bb. Tambi\u00e9n cuestion\u00f3 la reciente transferencia de una mina de rodocrosita a la provincia de Catamarca, pregunt\u00e1ndose si \u00abvale entregar la dignidad por una mina de rodocrosita\u00bb.<\/p>\n\n\n\n<p>Finalizando, hizo un llamado a la organizaci\u00f3n pol\u00edtica del pueblo argentino y critic\u00f3 la \u00abcrisis del Poder Judicial\u00bb, donde, seg\u00fan sus palabras, \u00abtres de los cuatro jueces de la Corte Suprema aceptaron ser designados por decreto y otro jur\u00f3 pese a haber negado que lo har\u00eda\u00bb.<\/p>\n","protected":false},"excerpt":{"rendered":"<p>En el marco del Congreso Educativo Nacional, llevado a cabo en la Facultad de Ciencias Sociales de la Universidad de Buenos Aires (UBA), la expresidenta Cristina Kirchner, alert&oacute; sobre una creciente descomposici&oacute;n institucional y una crisis econ&oacute;mica que atraviesa el pa&iacute;s. En su discurso, critic&oacute; la aprobaci&oacute;n del Decreto de Necesidad y Urgencia (DNU) que [&hellip;]<\/p>\n","protected":false},"author":2,"featured_media":12290,"comment_status":"open","ping_status":"open","sticky":false,"template":"","format":"standard","meta":{"footnotes":""},"categories":[5,176],"tags":[518,1461,232],"class_list":["post-12289","post","type-post","status-publish","format-standard","has-post-thumbnail","hentry","category-nacionales","category-politica","tag-cristina-kirchner","tag-criticas","tag-javier-milei"],"_links":{"self":[{"href":"https:\/\/partediario.com.ar\/index.php?rest_route=\/wp\/v2\/posts\/12289","targetHints":{"allow":["GET"]}}],"collection":[{"href":"https:\/\/partediario.com.ar\/index.php?rest_route=\/wp\/v2\/posts"}],"about":[{"href":"https:\/\/partediario.com.ar\/index.php?rest_route=\/wp\/v2\/types\/post"}],"author":[{"embeddable":true,"href":"https:\/\/partediario.com.ar\/index.php?rest_route=\/wp\/v2\/users\/2"}],"replies":[{"embeddable":true,"href":"https:\/\/partediario.com.ar\/index.php?rest_route=%2Fwp%2Fv2%2Fcomments&post=12289"}],"version-history":[{"count":1,"href":"https:\/\/partediario.com.ar\/index.php?rest_route=\/wp\/v2\/posts\/12289\/revisions"}],"predecessor-version":[{"id":12291,"href":"https:\/\/partediario.com.ar\/index.php?rest_route=\/wp\/v2\/posts\/12289\/revisions\/12291"}],"wp:featuredmedia":[{"embeddable":true,"href":"https:\/\/partediario.com.ar\/index.php?rest_route=\/wp\/v2\/media\/12290"}],"wp:attachment":[{"href":"https:\/\/partediario.com.ar\/index.php?rest_route=%2Fwp%2Fv2%2Fmedia&parent=12289"}],"wp:term":[{"taxonomy":"category","embeddable":true,"href":"https:\/\/partediario.com.ar\/index.php?rest_route=%2Fwp%2Fv2%2Fcategories&post=12289"},{"taxonomy":"post_tag","embeddable":true,"href":"https:\/\/partediario.com.ar\/index.php?rest_route=%2Fwp%2Fv2%2Ftags&post=12289"}],"curies":[{"name":"wp","href":"https:\/\/api.w.org\/{rel}","templated":true}]}}