{"id":12292,"date":"2025-03-23T09:10:34","date_gmt":"2025-03-23T12:10:34","guid":{"rendered":"https:\/\/partediario.com.ar\/?p=12292"},"modified":"2025-03-25T09:42:36","modified_gmt":"2025-03-25T12:42:36","slug":"pablo-grillo-escribio-su-nombre-dos-veces","status":"publish","type":"post","link":"https:\/\/partediario.com.ar\/?p=12292","title":{"rendered":"Pablo Grillo escribi\u00f3 su nombre dos veces"},"content":{"rendered":"\n<h2 class=\"wp-block-heading\">El fotoperiodista Pablo Grillo, quien fue gravemente herido durante la represi\u00f3n en el Congreso ordenada por la entonces ministra Patricia Bullrich, contin\u00faa mostrando se\u00f1ales alentadoras de recuperaci\u00f3n.<\/h2>\n\n\n\n<p>Internado en terapia intensiva en el Hospital Ramos Mej\u00eda desde hace diez d\u00edas, Grillo avanz\u00f3 significativamente en su proceso de mejor\u00eda.<\/p>\n\n\n\n<p>En los \u00faltimos d\u00edas, su padre, Fabi\u00e1n Grillo, comparti\u00f3 que, aunque Pablo estaba algo cansado debido a episodios de fiebre y procedimientos m\u00e9dicos, segu\u00eda receptivo y atento a su entorno. Incluso reaccion\u00f3 positivamente a mensajes de apoyo enviados por figuras como Ricardo Bochini y Dalma Maradona.<\/p>\n\n\n\n<p>Este s\u00e1bado, una nueva muestra de avance sorprendi\u00f3 a sus familiares y allegados: Pablo escribi\u00f3 su nombre dos veces y la palabra \u00abAbuelo\u00bb o \u00abAbuela\u00bb en un papel de un recetario m\u00e9dico. Estas palabras fueron divulgadas por su hermano Emiliano y compartidas en redes sociales por Cora Gamarnik, docente e investigadora.<\/p>\n\n\n\n<p>Seg\u00fan Gamarnik, los m\u00e9dicos lo sentaron esa ma\u00f1ana y le preguntaron su nombre y si sab\u00eda por qu\u00e9 estaba all\u00ed, a lo que respondi\u00f3 escribiendo.<\/p>\n\n\n\n<p>Este progreso genera grandes esperanzas sobre una recuperaci\u00f3n satisfactoria para el fotoperiodista, quien sigue luchando tras el grave incidente sufrido durante las manifestaciones del pasado 12 de marzo.<\/p>\n","protected":false},"excerpt":{"rendered":"<p>El fotoperiodista Pablo Grillo, quien fue gravemente herido durante la represi&oacute;n en el Congreso ordenada por la entonces ministra Patricia Bullrich, contin&uacute;a mostrando se&ntilde;ales alentadoras de recuperaci&oacute;n. Internado en terapia intensiva en el Hospital Ramos Mej&iacute;a desde hace diez d&iacute;as, Grillo avanz&oacute; significativamente en su proceso de mejor&iacute;a. En los &uacute;ltimos d&iacute;as, su padre, Fabi&aacute;n [&hellip;]<\/p>\n","protected":false},"author":2,"featured_media":12293,"comment_status":"open","ping_status":"open","sticky":false,"template":"","format":"standard","meta":{"footnotes":""},"categories":[5,176],"tags":[],"class_list":["post-12292","post","type-post","status-publish","format-standard","has-post-thumbnail","hentry","category-nacionales","category-politica"],"_links":{"self":[{"href":"https:\/\/partediario.com.ar\/index.php?rest_route=\/wp\/v2\/posts\/12292","targetHints":{"allow":["GET"]}}],"collection":[{"href":"https:\/\/partediario.com.ar\/index.php?rest_route=\/wp\/v2\/posts"}],"about":[{"href":"https:\/\/partediario.com.ar\/index.php?rest_route=\/wp\/v2\/types\/post"}],"author":[{"embeddable":true,"href":"https:\/\/partediario.com.ar\/index.php?rest_route=\/wp\/v2\/users\/2"}],"replies":[{"embeddable":true,"href":"https:\/\/partediario.com.ar\/index.php?rest_route=%2Fwp%2Fv2%2Fcomments&post=12292"}],"version-history":[{"count":1,"href":"https:\/\/partediario.com.ar\/index.php?rest_route=\/wp\/v2\/posts\/12292\/revisions"}],"predecessor-version":[{"id":12294,"href":"https:\/\/partediario.com.ar\/index.php?rest_route=\/wp\/v2\/posts\/12292\/revisions\/12294"}],"wp:featuredmedia":[{"embeddable":true,"href":"https:\/\/partediario.com.ar\/index.php?rest_route=\/wp\/v2\/media\/12293"}],"wp:attachment":[{"href":"https:\/\/partediario.com.ar\/index.php?rest_route=%2Fwp%2Fv2%2Fmedia&parent=12292"}],"wp:term":[{"taxonomy":"category","embeddable":true,"href":"https:\/\/partediario.com.ar\/index.php?rest_route=%2Fwp%2Fv2%2Fcategories&post=12292"},{"taxonomy":"post_tag","embeddable":true,"href":"https:\/\/partediario.com.ar\/index.php?rest_route=%2Fwp%2Fv2%2Ftags&post=12292"}],"curies":[{"name":"wp","href":"https:\/\/api.w.org\/{rel}","templated":true}]}}