{"id":12307,"date":"2025-03-25T08:56:30","date_gmt":"2025-03-25T11:56:30","guid":{"rendered":"https:\/\/partediario.com.ar\/?p=12307"},"modified":"2025-04-09T11:42:55","modified_gmt":"2025-04-09T14:42:55","slug":"la-marcha-del-dia-de-la-memoria-la-verdad-y-la-justicia-al-cumplirse-el-49-aniversario-del-golpe-de-1976","status":"publish","type":"post","link":"https:\/\/partediario.com.ar\/?p=12307","title":{"rendered":"La marcha del D\u00eda de la Memoria, la Verdad y la Justicia al cumplirse el 49 aniversario del golpe de 1976"},"content":{"rendered":"\n<h2 class=\"wp-block-heading\">Como cada a\u00f1o, los organismos de derechos humanos se expresaron este lunes a la Plaza de Mayo con el apoyo de sindicatos y partidos opositores en conmemoraci\u00f3n del D\u00eda de la Memoria.<\/h2>\n\n\n\n<p>Organismos de Derechos Humanos y agrupaciones de diferentes partidos pol\u00edticos realizaron este lunes de la manifestaci\u00f3n por el \u00abD\u00eda de la Memoria, la Verdad y la Justicia\u00bb al cumplirse este lunes el 49 aniversario del golpe de Estado de 1976, cuya dictadura dej\u00f3 cerca de 30.000 desaparecidos, de acuerdo a organismos defensores de los derechos humanos.<\/p>\n\n\n\n<p><\/p>\n\n\n\n<figure class=\"wp-block-image size-full\"><img loading=\"lazy\" decoding=\"async\" width=\"800\" height=\"503\" src=\"https:\/\/partediario.com.ar\/wp-content\/uploads\/cabecera-marcha.jpg\" alt=\"\" class=\"wp-image-12309\" srcset=\"https:\/\/partediario.com.ar\/wp-content\/uploads\/cabecera-marcha.jpg 800w, https:\/\/partediario.com.ar\/wp-content\/uploads\/cabecera-marcha-300x189.jpg 300w, https:\/\/partediario.com.ar\/wp-content\/uploads\/cabecera-marcha-768x483.jpg 768w\" sizes=\"auto, (max-width: 800px) 100vw, 800px\" \/><\/figure>\n\n\n\n<p><\/p>\n\n\n\n<figure class=\"wp-block-image size-large\"><img loading=\"lazy\" decoding=\"async\" width=\"1024\" height=\"538\" src=\"https:\/\/partediario.com.ar\/wp-content\/uploads\/marcha-el-24-marzo-2038jpeg-1024x538.webp\" alt=\"\" class=\"wp-image-12310\" srcset=\"https:\/\/partediario.com.ar\/wp-content\/uploads\/marcha-el-24-marzo-2038jpeg-1024x538.webp 1024w, https:\/\/partediario.com.ar\/wp-content\/uploads\/marcha-el-24-marzo-2038jpeg-300x158.webp 300w, https:\/\/partediario.com.ar\/wp-content\/uploads\/marcha-el-24-marzo-2038jpeg-768x403.webp 768w, https:\/\/partediario.com.ar\/wp-content\/uploads\/marcha-el-24-marzo-2038jpeg.webp 1200w\" sizes=\"auto, (max-width: 1024px) 100vw, 1024px\" \/><\/figure>\n\n\n\n<p><\/p>\n\n\n\n<p>El informe anual de la Procuradur\u00eda de Cr\u00edmenes contra la Humanidad (PCCH), a cargo de la fiscal federal Mar\u00eda \u00c1ngeles Ramos, cerr\u00f3 el a\u00f1o 2024 con 14 sentencias, \u00abque sumaron 20 condenas y 12 absoluciones\u00bb y asegur\u00f3 que, desde 2006 (a\u00f1o en que se reiniciaron los juicios por cr\u00edmenes de lesa humanidad cometidos durante el terrorismo de Estado), se conden\u00f3 a 1.195 personas y se dictaron 332 sentencias.<\/p>\n\n\n\n<p>La informaci\u00f3n coincidi\u00f3 con el anuncio del gobierno del presidente Javier Milei de que se desclasificar\u00e1n de documentos de inteligencia referidos a la dictadura.<\/p>\n\n\n\n<p>\u00abEl presidente instruy\u00f3 la desclasificaci\u00f3n total de toda la informaci\u00f3n y documentaci\u00f3n vinculada con el accionar de las Fuerzas Armadas durante el per\u00edodo de 1976 a 1983. As\u00ed como toda otra documentaci\u00f3n producida en otro per\u00edodo, pero relacionada con el accionar de las fuerzas\u00bb, anunci\u00f3 el vocero presidencial, Manuel Adorni.<\/p>\n\n\n\n<p>El gobierno de Milei pregona lo que denomina la \u00abmemoria completa\u00bb, sobre lo sucedido durante la \u00faltima dictadura al equiparar los cr\u00edmenes de las fuerzas armadas con los de la guerrilla, algo que fue rechazado por los organismos de derechos humanos.<\/p>\n","protected":false},"excerpt":{"rendered":"<p>Como cada a&ntilde;o, los organismos de derechos humanos se expresaron este lunes a la Plaza de Mayo con el apoyo de sindicatos y partidos opositores en conmemoraci&oacute;n del D&iacute;a de la Memoria. Organismos de Derechos Humanos y agrupaciones de diferentes partidos pol&iacute;ticos realizaron este lunes de la manifestaci&oacute;n por el &laquo;D&iacute;a de la Memoria, la [&hellip;]<\/p>\n","protected":false},"author":2,"featured_media":12308,"comment_status":"open","ping_status":"open","sticky":false,"template":"","format":"standard","meta":{"footnotes":""},"categories":[5,176,726],"tags":[772,971,5711,4148,5712],"class_list":["post-12307","post","type-post","status-publish","format-standard","has-post-thumbnail","hentry","category-nacionales","category-politica","category-sociedad","tag-justicia","tag-marcha","tag-memoria","tag-plaza-de-mayo","tag-verdad"],"_links":{"self":[{"href":"https:\/\/partediario.com.ar\/index.php?rest_route=\/wp\/v2\/posts\/12307","targetHints":{"allow":["GET"]}}],"collection":[{"href":"https:\/\/partediario.com.ar\/index.php?rest_route=\/wp\/v2\/posts"}],"about":[{"href":"https:\/\/partediario.com.ar\/index.php?rest_route=\/wp\/v2\/types\/post"}],"author":[{"embeddable":true,"href":"https:\/\/partediario.com.ar\/index.php?rest_route=\/wp\/v2\/users\/2"}],"replies":[{"embeddable":true,"href":"https:\/\/partediario.com.ar\/index.php?rest_route=%2Fwp%2Fv2%2Fcomments&post=12307"}],"version-history":[{"count":1,"href":"https:\/\/partediario.com.ar\/index.php?rest_route=\/wp\/v2\/posts\/12307\/revisions"}],"predecessor-version":[{"id":12311,"href":"https:\/\/partediario.com.ar\/index.php?rest_route=\/wp\/v2\/posts\/12307\/revisions\/12311"}],"wp:featuredmedia":[{"embeddable":true,"href":"https:\/\/partediario.com.ar\/index.php?rest_route=\/wp\/v2\/media\/12308"}],"wp:attachment":[{"href":"https:\/\/partediario.com.ar\/index.php?rest_route=%2Fwp%2Fv2%2Fmedia&parent=12307"}],"wp:term":[{"taxonomy":"category","embeddable":true,"href":"https:\/\/partediario.com.ar\/index.php?rest_route=%2Fwp%2Fv2%2Fcategories&post=12307"},{"taxonomy":"post_tag","embeddable":true,"href":"https:\/\/partediario.com.ar\/index.php?rest_route=%2Fwp%2Fv2%2Ftags&post=12307"}],"curies":[{"name":"wp","href":"https:\/\/api.w.org\/{rel}","templated":true}]}}