{"id":12315,"date":"2025-03-25T09:23:54","date_gmt":"2025-03-25T12:23:54","guid":{"rendered":"https:\/\/partediario.com.ar\/?p=12315"},"modified":"2025-04-09T11:42:47","modified_gmt":"2025-04-09T14:42:47","slug":"en-estas-largas-decadas-la-memoria-ideologizada-reemplazo-a-la-historia-expreso-villarruel","status":"publish","type":"post","link":"https:\/\/partediario.com.ar\/?p=12315","title":{"rendered":"\u00abEn estas largas d\u00e9cadas la memoria ideologizada reemplaz\u00f3 a la historia\u00bb, expres\u00f3 Villarruel"},"content":{"rendered":"\n<h2 class=\"wp-block-heading\">La vicepresidenta Victoria Villarruel se\u00f1al\u00f3 que \u00aben estas largas d\u00e9cadas la memoria ideologizada reemplaz\u00f3 a la historia, convirti\u00f3 a los uniformados en los \u00fanicos responsables y a quienes integraron las organizaciones armadas terroristas en v\u00edctimas\u00bb, en el 49\u00b0 aniversario del golpe de Estado de 1976.<\/h2>\n\n\n\n<p>En un extenso posteo en sus redes sociales, la vicepresidenta indic\u00f3 que \u00abhoy recordamos una fecha que marca una \u00e9poca tr\u00e1gica para todos los argentinos\u00bb, haciendo referencia a \u00abla interrupci\u00f3n del orden constitucional fogoneada por organizaciones armadas como Montoneros y el ERP (SIC), quienes agredieron con sa\u00f1a al gobierno democr\u00e1tico elegido por los argentinos\u00bb.<\/p>\n\n\n\n<p><\/p>\n\n\n\n<blockquote class=\"twitter-tweet\"><p lang=\"en\" dir=\"ltr\">A strong, thoughtful post by <a href=\"https:\/\/twitter.com\/VickyVillarruel?ref_src=twsrc%5Etfw\">@VickyVillarruel<\/a> \ud83c\udde6\ud83c\uddf7 Vice President and expert authority on the painful historical facts of a neglected and twisted past, exploited by militant Leftists for their own political opportunism. Americans should read her 2014 book, with Carlos Manfroni\u2026 <a href=\"https:\/\/t.co\/oBP0DqjwTz\">https:\/\/t.co\/oBP0DqjwTz<\/a><\/p>&mdash; Counterpoint Institute (@CounterpointDC) <a href=\"https:\/\/twitter.com\/CounterpointDC\/status\/1904287398089085080?ref_src=twsrc%5Etfw\">March 24, 2025<\/a><\/blockquote> <script async src=\"https:\/\/platform.twitter.com\/widgets.js\" charset=\"utf-8\"><\/script>\n\n\n\n<p><\/p>\n\n\n\n<p>\u00abLos terroristas amnistiados en 1973 continuaron desafiando a la Naci\u00f3n Argentina, atacando unidades militares, asesinando civiles, poniendo bombas y pretendiendo partir nuestro pa\u00eds al focalizar el conflicto en Tucum\u00e1n\u00bb, destac\u00f3.<\/p>\n\n\n\n<p>Para Villarruel, \u00abla decisi\u00f3n de una Presidente constitucional y sus Fuerzas Armadas impidieron que se completara el asesinato del mill\u00f3n de personas prometido por el terrorismo marxista con el objetivo de instalar una dictadura interminable como la cubana\u00bb.<\/p>\n\n\n\n<p>Y agreg\u00f3: \u00abEl 24 de marzo de 1976 comenz\u00f3 un gobierno de facto que se extendi\u00f3 hasta 1983, todo esto hace casi 50 a\u00f1os. Absolutamente todo lo sucedido en ese per\u00edodo fue juzgado y castigado con una visi\u00f3n sesgada de la realidad de los hechos\u00bb.<\/p>\n\n\n\n<p>La vicepresidenta expres\u00f3 que \u00aben estas largas d\u00e9cadas la memoria ideologizada reemplaz\u00f3 a la historia, convirti\u00f3 a los uniformados en los \u00fanicos responsables y a quienes integraron las organizaciones armadas terroristas en v\u00edctimas\u00bb.<\/p>\n\n\n\n<p>\u00abY as\u00ed el dolor se convirti\u00f3 en un relato manoseado por aquellos que reivindican a quienes pusieron bombas, secuestraron y ensangrentaron el pa\u00eds con una revoluci\u00f3n que ning\u00fan argentino quer\u00eda\u00bb, manifest\u00f3 y acot\u00f3: \u00abSus 17.380 v\u00edctimas fueron ocultadas, desaparecidas de la historia en beneficio de un grupo de violentos que origin\u00f3 el dolor que nunca termina de cerrarse\u00bb.<\/p>\n\n\n\n<p>Tras subrayar que \u00abcasi 50 a\u00f1os despu\u00e9s seguimos en una sociedad partida, llena de antagonismos como en los 70\u00bb, Villarruel dijo que dirig\u00eda sus pensamientos hacia \u00ablas v\u00edctimas del terrorismo que siguen esperando que el Estado las incluya y repare\u00bb.<\/p>\n","protected":false},"excerpt":{"rendered":"<p>La vicepresidenta Victoria Villarruel se&ntilde;al&oacute; que &laquo;en estas largas d&eacute;cadas la memoria ideologizada reemplaz&oacute; a la historia, convirti&oacute; a los uniformados en los &uacute;nicos responsables y a quienes integraron las organizaciones armadas terroristas en v&iacute;ctimas&raquo;, en el 49&deg; aniversario del golpe de Estado de 1976. En un extenso posteo en sus redes sociales, la vicepresidenta [&hellip;]<\/p>\n","protected":false},"author":2,"featured_media":12316,"comment_status":"open","ping_status":"open","sticky":false,"template":"","format":"standard","meta":{"footnotes":""},"categories":[5,176],"tags":[5716,5714,5711,5715,233],"class_list":["post-12315","post","type-post","status-publish","format-standard","has-post-thumbnail","hentry","category-nacionales","category-politica","tag-erp","tag-ideologizada","tag-memoria","tag-monteneros","tag-victoria-villarruel"],"_links":{"self":[{"href":"https:\/\/partediario.com.ar\/index.php?rest_route=\/wp\/v2\/posts\/12315","targetHints":{"allow":["GET"]}}],"collection":[{"href":"https:\/\/partediario.com.ar\/index.php?rest_route=\/wp\/v2\/posts"}],"about":[{"href":"https:\/\/partediario.com.ar\/index.php?rest_route=\/wp\/v2\/types\/post"}],"author":[{"embeddable":true,"href":"https:\/\/partediario.com.ar\/index.php?rest_route=\/wp\/v2\/users\/2"}],"replies":[{"embeddable":true,"href":"https:\/\/partediario.com.ar\/index.php?rest_route=%2Fwp%2Fv2%2Fcomments&post=12315"}],"version-history":[{"count":1,"href":"https:\/\/partediario.com.ar\/index.php?rest_route=\/wp\/v2\/posts\/12315\/revisions"}],"predecessor-version":[{"id":12317,"href":"https:\/\/partediario.com.ar\/index.php?rest_route=\/wp\/v2\/posts\/12315\/revisions\/12317"}],"wp:featuredmedia":[{"embeddable":true,"href":"https:\/\/partediario.com.ar\/index.php?rest_route=\/wp\/v2\/media\/12316"}],"wp:attachment":[{"href":"https:\/\/partediario.com.ar\/index.php?rest_route=%2Fwp%2Fv2%2Fmedia&parent=12315"}],"wp:term":[{"taxonomy":"category","embeddable":true,"href":"https:\/\/partediario.com.ar\/index.php?rest_route=%2Fwp%2Fv2%2Fcategories&post=12315"},{"taxonomy":"post_tag","embeddable":true,"href":"https:\/\/partediario.com.ar\/index.php?rest_route=%2Fwp%2Fv2%2Ftags&post=12315"}],"curies":[{"name":"wp","href":"https:\/\/api.w.org\/{rel}","templated":true}]}}