{"id":12331,"date":"2025-04-09T11:38:06","date_gmt":"2025-04-09T14:38:06","guid":{"rendered":"https:\/\/partediario.com.ar\/?p=12331"},"modified":"2025-04-10T19:10:38","modified_gmt":"2025-04-10T22:10:38","slug":"paro-general-de-la-cgt-el-jueves-no-habra-trenes-y-este-miercoles-se-esperan-modificaciones-en-el-servicio","status":"publish","type":"post","link":"https:\/\/partediario.com.ar\/?p=12331","title":{"rendered":"Paro general de la CGT: el jueves no habr\u00e1 trenes y este mi\u00e9rcoles se esperan modificaciones en el servicio"},"content":{"rendered":"\n<h2 class=\"wp-block-heading\">Los trenes no funcionar\u00e1n este jueves debido al paro general convocado por la Confederaci\u00f3n General del Trabajo (CGT) y este mi\u00e9rcoles se aguardan modificaciones en los \u00faltimos servicios de la tarde.<\/h2>\n\n\n\n<p>De acuerdo a la informaci\u00f3n brindada por Trenes Argentinos, este jueves 10 de abril, debido al paro general, no circular\u00e1n trenes del \u00e1rea metropolitana, los servicios regionales y los de larga distancia.<\/p>\n\n\n\n<p>\u201cDicha decisi\u00f3n afectar\u00e1 a m\u00e1s de un mill\u00f3n de pasajeros y provocar\u00e1 p\u00e9rdidas econ\u00f3micas al Estado Nacional por 386 millones de pesos\u201d, informaron.<\/p>\n\n\n\n<p>Frente a esta medida, desde la compa\u00f1\u00eda ferroviaria resolvieron que \u201cdescontar\u00e1 el d\u00eda de sueldo a quienes no se presenten en su lugar de trabajo\u201d.<\/p>\n\n\n\n<p>Adem\u00e1s, las autoridades indicaron que habr\u00e1 modificaciones en los horarios de los \u00faltimos servicios de este mi\u00e9rcoles 9 y comunicaron que se deber\u00e1 consultar con detalle cada l\u00ednea y ramal en las cuentas oficiales.<\/p>\n\n\n\n<p class=\"has-medium-font-size\"><strong>L\u00ednea Roca<\/strong><\/p>\n\n\n\n<p class=\"has-medium-font-size\"><strong>Ramal La Plata<\/strong><\/p>\n\n\n\n<p>Constituci\u00f3n-La Plata: 20:55<\/p>\n\n\n\n<p>Constituci\u00f3n-Berazategui: 22:02<\/p>\n\n\n\n<p>Constituci\u00f3n-Villa Elisa: 21:28<\/p>\n\n\n\n<p>La Plata-Constituci\u00f3n: 21:14<\/p>\n\n\n\n<p>Villa Elisa-Constituci\u00f3n: 22:36<\/p>\n\n\n\n<p>Ramal Bosques v\u00eda Quilmes<\/p>\n\n\n\n<p>Constituci\u00f3n-Bosques v\u00eda Quilmes: 21:42<\/p>\n\n\n\n<p>Bosques v\u00eda Quilmes-Constituci\u00f3n: 22:25<\/p>\n\n\n\n<p>Ramal Bosques v\u00eda Temperley<\/p>\n\n\n\n<p>Constituci\u00f3n-Bosques v\u00eda Temperley: 21:34<\/p>\n\n\n\n<p>Bosques v\u00eda Temperley-Constituci\u00f3n: 22:02<\/p>\n\n\n\n<p class=\"has-medium-font-size\"><strong>Ramal Korn<\/strong><\/p>\n\n\n\n<p>Constituci\u00f3n-A. Korn: 21:54<\/p>\n\n\n\n<p>Constituci\u00f3n-Burzaco: 22:24<\/p>\n\n\n\n<p>A. Korn-Constituci\u00f3n: 22:29<\/p>\n\n\n\n<p class=\"has-medium-font-size\">Ramal Ezeiza<\/p>\n\n\n\n<p>Constituci\u00f3n-Ezeiza: 22:14<\/p>\n\n\n\n<p>Constituci\u00f3n-Llavallol: 22:58<\/p>\n\n\n\n<p>Ezeiza-Constituci\u00f3n: 22:36<\/p>\n\n\n\n<p>Ramal Bosques-Guti\u00e9rrez<\/p>\n\n\n\n<p>Bosques-Guti\u00e9rrez: 21:14<\/p>\n\n\n\n<p>Guti\u00e9rrez-Bosques: 21:44<\/p>\n\n\n\n<p>Ramal Ezeiza-Ca\u00f1uelas<\/p>\n\n\n\n<p>Ezeiza-Ca\u00f1uelas: 20:50<\/p>\n\n\n\n<p>Ca\u00f1uelas-Temperley: 22:24<\/p>\n\n\n\n<p class=\"has-medium-font-size\"><strong>L\u00ednea Sarmiento<\/strong><\/p>\n\n\n\n<p class=\"has-medium-font-size\"><strong>Ramal Once-Moreno<\/strong><\/p>\n\n\n\n<p>Once-Moreno: 22:02<\/p>\n\n\n\n<p>Moreno-Once: 21:30<\/p>\n\n\n\n<p>Ramal Merlo-Lobos<\/p>\n\n\n\n<p>Merlo-Las Heras: 19:40<\/p>\n\n\n\n<p>Merlo-Marcos Paz: 20:56<\/p>\n\n\n\n<p>Las Heras-Merlo: 21:02<\/p>\n\n\n\n<p>Marcos Paz-Merlo: 21:43<\/p>\n\n\n\n<p>Ramal Moreno-Mercedes<\/p>\n\n\n\n<p>Moreno-Mercedes: 19:10<\/p>\n\n\n\n<p>Moreno-Luj\u00e1n: 17:00<\/p>\n\n\n\n<p>Mercedes-Moreno: 21:26<\/p>\n\n\n\n<p>Luj\u00e1n-Moreno: 18:05<\/p>\n\n\n\n<p class=\"has-medium-font-size\"><strong>L\u00ednea Mitre<\/strong><\/p>\n\n\n\n<p class=\"has-medium-font-size\"><strong>Ramal Tigre<\/strong><\/p>\n\n\n\n<p>Retiro-Tigre: 22:22<\/p>\n\n\n\n<p>Retiro-Victoria: 22:52<\/p>\n\n\n\n<p>Tigre-Retiro: 21:38<\/p>\n\n\n\n<p>Ramal Bartolom\u00e9 Mitre<\/p>\n\n\n\n<p>Retiro-Bm\u00e9. Mitre: 21:46<\/p>\n\n\n\n<p>Bm\u00e9. Mitre-Retiro: 21:47<\/p>\n\n\n\n<p class=\"has-medium-font-size\"><strong>Ramal J.L.Su\u00e1rez<\/strong><\/p>\n\n\n\n<p>Retiro-J. L. Su\u00e1rez: 22:42<\/p>\n\n\n\n<p>J.L. Su\u00e1rez-Retiro: 21:45<\/p>\n\n\n\n<p>Villa Ballester-Z\u00e1rate<\/p>\n\n\n\n<p>V. Ballester-Z\u00e1rate: 19:25<\/p>\n\n\n\n<p>V. Ballester-Escobar: 20:48<\/p>\n\n\n\n<p>Z\u00e1rate-V. Ballester: 21:18<\/p>\n\n\n\n<p>Escobar-V. Ballester: 21:45<\/p>\n\n\n\n<p class=\"has-medium-font-size\">Victoria-Capilla del Se\u00f1or<\/p>\n\n\n\n<p>Victoria-Los Cardales: 19:55<\/p>\n\n\n\n<p>Los Cardales-Victoria: 21:40<\/p>\n\n\n\n<p class=\"has-medium-font-size\"><strong>Tren de la Costa<\/strong><\/p>\n\n\n\n<p class=\"has-medium-font-size\"><strong>Sin cambios<\/strong><\/p>\n\n\n\n<p class=\"has-medium-font-size\"><strong>L\u00ednea San Mart\u00edn<\/strong><\/p>\n\n\n\n<p>Retiro-Pilar: 22:12<\/p>\n\n\n\n<p>Retiro-Jos\u00e9 C. Paz: 22:31<\/p>\n\n\n\n<p>Retiro-Caseros: 23:22<\/p>\n\n\n\n<p>Jos\u00e9 C. Paz-Retiro: 22:10<\/p>\n\n\n\n<p>Pilar-Retiro: 22:08<\/p>\n\n\n\n<p>Pilar-Jos\u00e9 C. Paz: 22:54<\/p>\n\n\n\n<p>L\u00ednea Belgrano Sur<\/p>\n\n\n\n<p class=\"has-medium-font-size\"><strong>Ramal Cat\u00e1n<\/strong><\/p>\n\n\n\n<p>Dr. S\u00e1enz-G. Cat\u00e1n: 21:25<\/p>\n\n\n\n<p>G. Cat\u00e1n-Dr. S\u00e1enz: 21:34<\/p>\n\n\n\n<p>G. Cat\u00e1n-Tapiales: 22:40<\/p>\n\n\n\n<p class=\"has-medium-font-size\"><strong>Ramal Marinos de Crucero General Belgrano<\/strong><\/p>\n\n\n\n<p>Tapiales-M.C.G. Belgrano: 21:25<\/p>\n\n\n\n<p>M.C.G. Belgrano-Tapiales: 22:30.<\/p>\n","protected":false},"excerpt":{"rendered":"<p>Los trenes no funcionar&aacute;n este jueves debido al paro general convocado por la Confederaci&oacute;n General del Trabajo (CGT) y este mi&eacute;rcoles se aguardan modificaciones en los &uacute;ltimos servicios de la tarde. De acuerdo a la informaci&oacute;n brindada por Trenes Argentinos, este jueves 10 de abril, debido al paro general, no circular&aacute;n trenes del &aacute;rea metropolitana, [&hellip;]<\/p>\n","protected":false},"author":2,"featured_media":12332,"comment_status":"open","ping_status":"open","sticky":false,"template":"","format":"standard","meta":{"footnotes":""},"categories":[978,5,176],"tags":[5719,691,4466],"class_list":["post-12331","post","type-post","status-publish","format-standard","has-post-thumbnail","hentry","category-gremiales","category-nacionales","category-politica","tag-cgtc","tag-paro","tag-trenes"],"_links":{"self":[{"href":"https:\/\/partediario.com.ar\/index.php?rest_route=\/wp\/v2\/posts\/12331","targetHints":{"allow":["GET"]}}],"collection":[{"href":"https:\/\/partediario.com.ar\/index.php?rest_route=\/wp\/v2\/posts"}],"about":[{"href":"https:\/\/partediario.com.ar\/index.php?rest_route=\/wp\/v2\/types\/post"}],"author":[{"embeddable":true,"href":"https:\/\/partediario.com.ar\/index.php?rest_route=\/wp\/v2\/users\/2"}],"replies":[{"embeddable":true,"href":"https:\/\/partediario.com.ar\/index.php?rest_route=%2Fwp%2Fv2%2Fcomments&post=12331"}],"version-history":[{"count":1,"href":"https:\/\/partediario.com.ar\/index.php?rest_route=\/wp\/v2\/posts\/12331\/revisions"}],"predecessor-version":[{"id":12333,"href":"https:\/\/partediario.com.ar\/index.php?rest_route=\/wp\/v2\/posts\/12331\/revisions\/12333"}],"wp:featuredmedia":[{"embeddable":true,"href":"https:\/\/partediario.com.ar\/index.php?rest_route=\/wp\/v2\/media\/12332"}],"wp:attachment":[{"href":"https:\/\/partediario.com.ar\/index.php?rest_route=%2Fwp%2Fv2%2Fmedia&parent=12331"}],"wp:term":[{"taxonomy":"category","embeddable":true,"href":"https:\/\/partediario.com.ar\/index.php?rest_route=%2Fwp%2Fv2%2Fcategories&post=12331"},{"taxonomy":"post_tag","embeddable":true,"href":"https:\/\/partediario.com.ar\/index.php?rest_route=%2Fwp%2Fv2%2Ftags&post=12331"}],"curies":[{"name":"wp","href":"https:\/\/api.w.org\/{rel}","templated":true}]}}