{"id":12334,"date":"2025-04-09T11:42:19","date_gmt":"2025-04-09T14:42:19","guid":{"rendered":"https:\/\/partediario.com.ar\/?p=12334"},"modified":"2025-04-10T19:10:33","modified_gmt":"2025-04-10T22:10:33","slug":"la-marcha-de-hoy-va-a-ser-multitudinaria-y-pacifica-manifesto-yasky","status":"publish","type":"post","link":"https:\/\/partediario.com.ar\/?p=12334","title":{"rendered":"La marcha de hoy va a ser \u00abmultitudinaria\u00bb y \u00abpac\u00edfica\u00bb, manifest\u00f3 Yasky"},"content":{"rendered":"\n<h2 class=\"wp-block-heading\">El diputado nacional y secretario general de la CTA, Hugo Yasky, asegur\u00f3 que el acto de esta tarde frente al Congreso, convocado por las tres centrales sindicales para acompa\u00f1ar la habitual marcha de los mi\u00e9rcoles de los jubilados, \u201cva a ser multitudinario\u201d, y se va a desarrollar en forma \u201cpac\u00edfica\u201d.<\/h2>\n\n\n\n<p>\u201cVa a ser una marcha multitudinaria y pac\u00edfica, porque las organizaciones vamos a garantizar que la gente pueda movilizarse en paz\u201d, se\u00f1al\u00f3 Yasky en declaraciones al programa \u201cSin corbata\u201d de Radio Splendid.<\/p>\n\n\n\n<p>Yasky indic\u00f3 que la protesta de esta tarde, que se continuar\u00e1 ma\u00f1ana con un paro general de actividades de 24 horas, es la respuesta a \u201cla crueldad de un Gobierno que toma medidas que castigan a los trabajadores, como dejarlos sin empleo, y algunos ni siquiera cobran la indemnizaci\u00f3n porque tienen contratos basura\u201d.<\/p>\n\n\n\n<p>\u201cEs la crueldad en su expresi\u00f3n m\u00e1s alta\u201d, porque \u201crompen contratos laborales de forma brutal e ilegal y tienen desprecio por los trabajadores\u201d, agreg\u00f1o el diputado de Uni\u00f3n por la Patria y asegur\u00f3 que \u201cla Argentina es hoy m\u00e1s desigual\u201d.<\/p>\n\n\n\n<p>Se\u00f1al\u00f3 adem\u00e1s, que la marcha de esta tarde tambi\u00e9n responde a que \u201clas condiciones econ\u00f3micas en Argentina hacen que sea m\u00e1s barato importar que producir en el pa\u00eds\u201d y advirti\u00f3 que \u201ccuando eso pasa lo primero que desaparece es el empleo\u201d.<\/p>\n\n\n\n<p>A modo de ejemplo precis\u00f3 que actualmente \u201cla industria automotriz tiene unos 10.000 trabajadores que est\u00e1n suspendidos o al borde de perder el empleo\u201d, y sostuvo que estas cifras muestran que \u201clas cifras de disminuci\u00f3n de la pobreza que muestra el Gobierno se contradicen con la realidad\u201d.<\/p>\n","protected":false},"excerpt":{"rendered":"<p>El diputado nacional y secretario general de la CTA, Hugo Yasky, asegur&oacute; que el acto de esta tarde frente al Congreso, convocado por las tres centrales sindicales para acompa&ntilde;ar la habitual marcha de los mi&eacute;rcoles de los jubilados, &ldquo;va a ser multitudinario&rdquo;, y se va a desarrollar en forma &ldquo;pac&iacute;fica&rdquo;. &ldquo;Va a ser una marcha [&hellip;]<\/p>\n","protected":false},"author":2,"featured_media":12335,"comment_status":"open","ping_status":"open","sticky":false,"template":"","format":"standard","meta":{"footnotes":""},"categories":[978,5,176],"tags":[5720,5416,691],"class_list":["post-12334","post","type-post","status-publish","format-standard","has-post-thumbnail","hentry","category-gremiales","category-nacionales","category-politica","tag-gct","tag-hugo-yasky","tag-paro"],"_links":{"self":[{"href":"https:\/\/partediario.com.ar\/index.php?rest_route=\/wp\/v2\/posts\/12334","targetHints":{"allow":["GET"]}}],"collection":[{"href":"https:\/\/partediario.com.ar\/index.php?rest_route=\/wp\/v2\/posts"}],"about":[{"href":"https:\/\/partediario.com.ar\/index.php?rest_route=\/wp\/v2\/types\/post"}],"author":[{"embeddable":true,"href":"https:\/\/partediario.com.ar\/index.php?rest_route=\/wp\/v2\/users\/2"}],"replies":[{"embeddable":true,"href":"https:\/\/partediario.com.ar\/index.php?rest_route=%2Fwp%2Fv2%2Fcomments&post=12334"}],"version-history":[{"count":1,"href":"https:\/\/partediario.com.ar\/index.php?rest_route=\/wp\/v2\/posts\/12334\/revisions"}],"predecessor-version":[{"id":12336,"href":"https:\/\/partediario.com.ar\/index.php?rest_route=\/wp\/v2\/posts\/12334\/revisions\/12336"}],"wp:featuredmedia":[{"embeddable":true,"href":"https:\/\/partediario.com.ar\/index.php?rest_route=\/wp\/v2\/media\/12335"}],"wp:attachment":[{"href":"https:\/\/partediario.com.ar\/index.php?rest_route=%2Fwp%2Fv2%2Fmedia&parent=12334"}],"wp:term":[{"taxonomy":"category","embeddable":true,"href":"https:\/\/partediario.com.ar\/index.php?rest_route=%2Fwp%2Fv2%2Fcategories&post=12334"},{"taxonomy":"post_tag","embeddable":true,"href":"https:\/\/partediario.com.ar\/index.php?rest_route=%2Fwp%2Fv2%2Ftags&post=12334"}],"curies":[{"name":"wp","href":"https:\/\/api.w.org\/{rel}","templated":true}]}}